
{"id":15543,"date":"2017-02-18T15:59:27","date_gmt":"2017-02-18T15:59:27","guid":{"rendered":"https:\/\/www.lejournalduforkane.com\/?p=15543"},"modified":"2017-02-18T15:59:27","modified_gmt":"2017-02-18T15:59:27","slug":"sayyed-ali-khamenei-trump-revele-la-veritable-nature-des-etats-unis","status":"publish","type":"post","link":"https:\/\/www.lejournalduforkane.com\/index.php\/sayyed-ali-khamenei-trump-revele-la-veritable-nature-des-etats-unis\/","title":{"rendered":"Sayyed Ali Khamenei : Trump r\u00e9v\u00e8le la v\u00e9ritable nature des Etats-Unis"},"content":{"rendered":"<p>Discours du Guide Supr\u00eame de la R\u00e9publique Islamique d&rsquo;Iran le 7 f\u00e9vrier 2017<\/p>\n<p>&nbsp;<\/p>\n<p>&nbsp;<br \/>\n<iframe loading=\"lazy\" width=\"560\" height=\"315\" src=\"https:\/\/www.youtube.com\/embed\/ove4DEcGwos\" frameborder=\"0\" allowfullscreen><\/iframe><\/p>\n","protected":false},"excerpt":{"rendered":"<p>Discours du Guide Supr\u00eame de la R\u00e9publique Islamique d&rsquo;Iran le 7 f\u00e9vrier 2017 &nbsp; &nbsp;<\/p>\n","protected":false},"author":2,"featured_media":0,"comment_status":"closed","ping_status":"open","sticky":false,"template":"","format":"standard","meta":[],"categories":[],"tags":[],"_links":{"self":[{"href":"https:\/\/www.lejournalduforkane.com\/index.php\/wp-json\/wp\/v2\/posts\/15543"}],"collection":[{"href":"https:\/\/www.lejournalduforkane.com\/index.php\/wp-json\/wp\/v2\/posts"}],"about":[{"href":"https:\/\/www.lejournalduforkane.com\/index.php\/wp-json\/wp\/v2\/types\/post"}],"author":[{"embeddable":true,"href":"https:\/\/www.lejournalduforkane.com\/index.php\/wp-json\/wp\/v2\/users\/2"}],"replies":[{"embeddable":true,"href":"https:\/\/www.lejournalduforkane.com\/index.php\/wp-json\/wp\/v2\/comments?post=15543"}],"version-history":[{"count":1,"href":"https:\/\/www.lejournalduforkane.com\/index.php\/wp-json\/wp\/v2\/posts\/15543\/revisions"}],"predecessor-version":[{"id":15545,"href":"https:\/\/www.lejournalduforkane.com\/index.php\/wp-json\/wp\/v2\/posts\/15543\/revisions\/15545"}],"wp:attachment":[{"href":"https:\/\/www.lejournalduforkane.com\/index.php\/wp-json\/wp\/v2\/media?parent=15543"}],"wp:term":[{"taxonomy":"category","embeddable":true,"href":"https:\/\/www.lejournalduforkane.com\/index.php\/wp-json\/wp\/v2\/categories?post=15543"},{"taxonomy":"post_tag","embeddable":true,"href":"https:\/\/www.lejournalduforkane.com\/index.php\/wp-json\/wp\/v2\/tags?post=15543"}],"curies":[{"name":"wp","href":"https:\/\/api.w.org\/{rel}","templated":true}]}}