
{"id":15563,"date":"2017-02-19T14:25:32","date_gmt":"2017-02-19T14:25:32","guid":{"rendered":"https:\/\/www.lejournalduforkane.com\/?p=15563"},"modified":"2017-02-19T14:25:32","modified_gmt":"2017-02-19T14:25:32","slug":"regardez-comment-les-laches-soldats-saoudiens-senfuient-a-la-vue-des-forces-yemenites-au-sud-de-larabie-saoudite","status":"publish","type":"post","link":"https:\/\/www.lejournalduforkane.com\/index.php\/regardez-comment-les-laches-soldats-saoudiens-senfuient-a-la-vue-des-forces-yemenites-au-sud-de-larabie-saoudite\/","title":{"rendered":"Regardez comment les l\u00e2ches soldats saoudiens s\u2019enfuient \u00e0 la vue des forces y\u00e9m\u00e9nites au sud de l&rsquo;Arabie Saoudite"},"content":{"rendered":"<p><!--more--><br \/>\n<iframe loading=\"lazy\" src=\"https:\/\/www.youtube.com\/embed\/0AgBcubsJSE\" width=\"560\" height=\"315\" frameborder=\"0\" allowfullscreen=\"allowfullscreen\"><\/iframe><\/p>\n","protected":false},"excerpt":{"rendered":"","protected":false},"author":2,"featured_media":0,"comment_status":"closed","ping_status":"open","sticky":false,"template":"","format":"standard","meta":[],"categories":[],"tags":[],"_links":{"self":[{"href":"https:\/\/www.lejournalduforkane.com\/index.php\/wp-json\/wp\/v2\/posts\/15563"}],"collection":[{"href":"https:\/\/www.lejournalduforkane.com\/index.php\/wp-json\/wp\/v2\/posts"}],"about":[{"href":"https:\/\/www.lejournalduforkane.com\/index.php\/wp-json\/wp\/v2\/types\/post"}],"author":[{"embeddable":true,"href":"https:\/\/www.lejournalduforkane.com\/index.php\/wp-json\/wp\/v2\/users\/2"}],"replies":[{"embeddable":true,"href":"https:\/\/www.lejournalduforkane.com\/index.php\/wp-json\/wp\/v2\/comments?post=15563"}],"version-history":[{"count":1,"href":"https:\/\/www.lejournalduforkane.com\/index.php\/wp-json\/wp\/v2\/posts\/15563\/revisions"}],"predecessor-version":[{"id":15565,"href":"https:\/\/www.lejournalduforkane.com\/index.php\/wp-json\/wp\/v2\/posts\/15563\/revisions\/15565"}],"wp:attachment":[{"href":"https:\/\/www.lejournalduforkane.com\/index.php\/wp-json\/wp\/v2\/media?parent=15563"}],"wp:term":[{"taxonomy":"category","embeddable":true,"href":"https:\/\/www.lejournalduforkane.com\/index.php\/wp-json\/wp\/v2\/categories?post=15563"},{"taxonomy":"post_tag","embeddable":true,"href":"https:\/\/www.lejournalduforkane.com\/index.php\/wp-json\/wp\/v2\/tags?post=15563"}],"curies":[{"name":"wp","href":"https:\/\/api.w.org\/{rel}","templated":true}]}}