
{"id":15567,"date":"2017-02-20T19:41:06","date_gmt":"2017-02-20T19:41:06","guid":{"rendered":"https:\/\/www.lejournalduforkane.com\/?p=15567"},"modified":"2017-02-20T19:41:06","modified_gmt":"2017-02-20T19:41:06","slug":"video-2-palestiniens-et-3-americains-interrompent-une-audience-au-senat-americain-brandissent-le-drapeau-palestinien","status":"publish","type":"post","link":"https:\/\/www.lejournalduforkane.com\/index.php\/video-2-palestiniens-et-3-americains-interrompent-une-audience-au-senat-americain-brandissent-le-drapeau-palestinien\/","title":{"rendered":"[Vid\u00e9o] | 2 palestiniens et 3 am\u00e9ricains interrompent une audience au s\u00e9nat am\u00e9ricain brandissent le drapeau Palestinien"},"content":{"rendered":"<p style=\"text-align: justify;\"><!--more--><\/p>\n<p style=\"text-align: justify;\">Jeudi dernier, deux palestiniens et trois militants am\u00e9ricains ont interrompu une audience au s\u00e9nat am\u00e9ricain accord\u00e9e au candidat au poste d\u2019ambassadeur des Etats-Unis en Isra\u00ebl David Friedman. \u00ab Les Palestiniens resteront toujours en Palestine \u00bb, scandaient les militants.<\/p>\n<p style=\"text-align: justify;\">NOUS SOMMES DE TOUT C\u0152UR AVEC LES PALESTINIENS QUI MALGR\u00c9 LEUR SOUFFRANCE CONTINUEN<span class=\"text_exposed_show\">T DE LUTTER. <\/span><\/p>\n<div class=\"text_exposed_show\">\n<p style=\"text-align: justify;\">Grand Respect pour ces militants !!! PARTAGER DIFFUSER UN MAXIMUM<\/p>\n<\/div>\n<p><iframe loading=\"lazy\" src=\"https:\/\/www.youtube.com\/embed\/uYpdpo03LGQ\" width=\"560\" height=\"315\" frameborder=\"0\" allowfullscreen=\"allowfullscreen\"><\/iframe><\/p>\n","protected":false},"excerpt":{"rendered":"Jeudi dernier, deux palestiniens et trois militants am\u00e9ricains ont interrompu une audience au s\u00e9nat am\u00e9ricain accord\u00e9e au candidat au poste d\u2019ambassadeur des Etats-Unis en Isra\u00ebl David Friedman. \u00ab Les Palestiniens","protected":false},"author":2,"featured_media":0,"comment_status":"closed","ping_status":"open","sticky":false,"template":"","format":"standard","meta":[],"categories":[],"tags":[],"_links":{"self":[{"href":"https:\/\/www.lejournalduforkane.com\/index.php\/wp-json\/wp\/v2\/posts\/15567"}],"collection":[{"href":"https:\/\/www.lejournalduforkane.com\/index.php\/wp-json\/wp\/v2\/posts"}],"about":[{"href":"https:\/\/www.lejournalduforkane.com\/index.php\/wp-json\/wp\/v2\/types\/post"}],"author":[{"embeddable":true,"href":"https:\/\/www.lejournalduforkane.com\/index.php\/wp-json\/wp\/v2\/users\/2"}],"replies":[{"embeddable":true,"href":"https:\/\/www.lejournalduforkane.com\/index.php\/wp-json\/wp\/v2\/comments?post=15567"}],"version-history":[{"count":1,"href":"https:\/\/www.lejournalduforkane.com\/index.php\/wp-json\/wp\/v2\/posts\/15567\/revisions"}],"predecessor-version":[{"id":15569,"href":"https:\/\/www.lejournalduforkane.com\/index.php\/wp-json\/wp\/v2\/posts\/15567\/revisions\/15569"}],"wp:attachment":[{"href":"https:\/\/www.lejournalduforkane.com\/index.php\/wp-json\/wp\/v2\/media?parent=15567"}],"wp:term":[{"taxonomy":"category","embeddable":true,"href":"https:\/\/www.lejournalduforkane.com\/index.php\/wp-json\/wp\/v2\/categories?post=15567"},{"taxonomy":"post_tag","embeddable":true,"href":"https:\/\/www.lejournalduforkane.com\/index.php\/wp-json\/wp\/v2\/tags?post=15567"}],"curies":[{"name":"wp","href":"https:\/\/api.w.org\/{rel}","templated":true}]}}