
{"id":15580,"date":"2017-02-21T19:25:10","date_gmt":"2017-02-21T19:25:10","guid":{"rendered":"https:\/\/www.lejournalduforkane.com\/?p=15580"},"modified":"2017-02-21T19:25:10","modified_gmt":"2017-02-21T19:25:10","slug":"le-guide-supreme-iranien-layatollah-ali-khamenei-nous-soutiendrons-toute-resistance-qui-fait-face-a-loccupant","status":"publish","type":"post","link":"https:\/\/www.lejournalduforkane.com\/index.php\/le-guide-supreme-iranien-layatollah-ali-khamenei-nous-soutiendrons-toute-resistance-qui-fait-face-a-loccupant\/","title":{"rendered":"Le guide supr\u00eame iranien, l&rsquo;ayatollah Ali Khamenei : \u00ab\u00a0Nous soutiendrons toute r\u00e9sistance qui fait face \u00e0 l&rsquo;occupant.\u00a0\u00bb"},"content":{"rendered":"<p><!--more--><\/p>\n<div id=\"js_1g\" class=\"_5pbx userContent\" data-ft=\"{&quot;tn&quot;:&quot;K&quot;}\">\n<p>Le guide supr\u00eame iranien, l&rsquo;ayatollah Ali Khamenei : \u00ab\u00a0Nous soutiendrons toute r\u00e9sistance qui fait face \u00e0 l&rsquo;occupant.\u00a0\u00bb<\/p>\n<p>Propos tenue lors de la conf\u00e9rence internationale de soutien aux Palestiniens organis\u00e9e \u00e0 T\u00e9h\u00e9ran.<\/p>\n<p>&nbsp;<\/p>\n<div style=\"position: relative; height: 0; padding-bottom: 56.25%;\"><iframe loading=\"lazy\" style=\"position: absolute; width: 100%; height: 100%; left: 0;\" src=\"https:\/\/www.youtube.com\/embed\/A5WYHXjGPeQ?ecver=2\" width=\"640\" height=\"360\" frameborder=\"0\" allowfullscreen=\"allowfullscreen\"><\/iframe><\/div>\n<\/div>\n","protected":false},"excerpt":{"rendered":"Le guide supr\u00eame iranien, l'ayatollah Ali Khamenei : \"Nous soutiendrons toute r\u00e9sistance qui fait face \u00e0 l'occupant.\" Propos tenue lors de la conf\u00e9rence internationale de soutien aux Palestiniens organis\u00e9e \u00e0","protected":false},"author":2,"featured_media":0,"comment_status":"closed","ping_status":"open","sticky":false,"template":"","format":"standard","meta":[],"categories":[],"tags":[],"_links":{"self":[{"href":"https:\/\/www.lejournalduforkane.com\/index.php\/wp-json\/wp\/v2\/posts\/15580"}],"collection":[{"href":"https:\/\/www.lejournalduforkane.com\/index.php\/wp-json\/wp\/v2\/posts"}],"about":[{"href":"https:\/\/www.lejournalduforkane.com\/index.php\/wp-json\/wp\/v2\/types\/post"}],"author":[{"embeddable":true,"href":"https:\/\/www.lejournalduforkane.com\/index.php\/wp-json\/wp\/v2\/users\/2"}],"replies":[{"embeddable":true,"href":"https:\/\/www.lejournalduforkane.com\/index.php\/wp-json\/wp\/v2\/comments?post=15580"}],"version-history":[{"count":1,"href":"https:\/\/www.lejournalduforkane.com\/index.php\/wp-json\/wp\/v2\/posts\/15580\/revisions"}],"predecessor-version":[{"id":15582,"href":"https:\/\/www.lejournalduforkane.com\/index.php\/wp-json\/wp\/v2\/posts\/15580\/revisions\/15582"}],"wp:attachment":[{"href":"https:\/\/www.lejournalduforkane.com\/index.php\/wp-json\/wp\/v2\/media?parent=15580"}],"wp:term":[{"taxonomy":"category","embeddable":true,"href":"https:\/\/www.lejournalduforkane.com\/index.php\/wp-json\/wp\/v2\/categories?post=15580"},{"taxonomy":"post_tag","embeddable":true,"href":"https:\/\/www.lejournalduforkane.com\/index.php\/wp-json\/wp\/v2\/tags?post=15580"}],"curies":[{"name":"wp","href":"https:\/\/api.w.org\/{rel}","templated":true}]}}