
{"id":15586,"date":"2017-02-21T19:30:18","date_gmt":"2017-02-21T19:30:18","guid":{"rendered":"https:\/\/www.lejournalduforkane.com\/?p=15586"},"modified":"2017-02-21T19:30:18","modified_gmt":"2017-02-21T19:30:18","slug":"video-des-snipers-des-forces-yemenites-au-cours-dattaques-nocturnes-visant-les-soldats-de-la-coalition-arabo-us-a-mokha","status":"publish","type":"post","link":"https:\/\/www.lejournalduforkane.com\/index.php\/video-des-snipers-des-forces-yemenites-au-cours-dattaques-nocturnes-visant-les-soldats-de-la-coalition-arabo-us-a-mokha\/","title":{"rendered":"[Vid\u00e9o] | Des snipers des forces y\u00e9m\u00e9nites au cours d&rsquo;attaques nocturnes visant, les soldats de la coalition Arabo-US \u00e0 Mokha"},"content":{"rendered":"<p><!--more--><\/p>\n<div id=\"js_14\" class=\"_5pbx userContent\" data-ft=\"{&quot;tn&quot;:&quot;K&quot;}\">\n<p>Des snipers des forces y\u00e9m\u00e9nites au cours d&rsquo;attaques nocturnes visant, les soldats de la coalition Arabo-US \u00e0 Mokha<\/p>\n<p>+ Un chef de la coalition et 3 Emiratis tu\u00e9s au Y\u00e9men ces derniers jours<\/p>\n<p>&nbsp;<\/p>\n<div style=\"position: relative; height: 0; padding-bottom: 75.0%;\"><iframe loading=\"lazy\" style=\"position: absolute; width: 100%; height: 100%; left: 0;\" src=\"https:\/\/www.youtube.com\/embed\/EedEeamKye4?ecver=2\" width=\"480\" height=\"360\" frameborder=\"0\" allowfullscreen=\"allowfullscreen\"><\/iframe><\/div>\n<\/div>\n","protected":false},"excerpt":{"rendered":"Des snipers des forces y\u00e9m\u00e9nites au cours d'attaques nocturnes visant, les soldats de la coalition Arabo-US \u00e0 Mokha + Un chef de la coalition et 3 Emiratis tu\u00e9s au Y\u00e9men","protected":false},"author":2,"featured_media":0,"comment_status":"closed","ping_status":"open","sticky":false,"template":"","format":"standard","meta":[],"categories":[],"tags":[],"_links":{"self":[{"href":"https:\/\/www.lejournalduforkane.com\/index.php\/wp-json\/wp\/v2\/posts\/15586"}],"collection":[{"href":"https:\/\/www.lejournalduforkane.com\/index.php\/wp-json\/wp\/v2\/posts"}],"about":[{"href":"https:\/\/www.lejournalduforkane.com\/index.php\/wp-json\/wp\/v2\/types\/post"}],"author":[{"embeddable":true,"href":"https:\/\/www.lejournalduforkane.com\/index.php\/wp-json\/wp\/v2\/users\/2"}],"replies":[{"embeddable":true,"href":"https:\/\/www.lejournalduforkane.com\/index.php\/wp-json\/wp\/v2\/comments?post=15586"}],"version-history":[{"count":1,"href":"https:\/\/www.lejournalduforkane.com\/index.php\/wp-json\/wp\/v2\/posts\/15586\/revisions"}],"predecessor-version":[{"id":15588,"href":"https:\/\/www.lejournalduforkane.com\/index.php\/wp-json\/wp\/v2\/posts\/15586\/revisions\/15588"}],"wp:attachment":[{"href":"https:\/\/www.lejournalduforkane.com\/index.php\/wp-json\/wp\/v2\/media?parent=15586"}],"wp:term":[{"taxonomy":"category","embeddable":true,"href":"https:\/\/www.lejournalduforkane.com\/index.php\/wp-json\/wp\/v2\/categories?post=15586"},{"taxonomy":"post_tag","embeddable":true,"href":"https:\/\/www.lejournalduforkane.com\/index.php\/wp-json\/wp\/v2\/tags?post=15586"}],"curies":[{"name":"wp","href":"https:\/\/api.w.org\/{rel}","templated":true}]}}