
{"id":15595,"date":"2017-02-22T19:46:20","date_gmt":"2017-02-22T19:46:20","guid":{"rendered":"https:\/\/www.lejournalduforkane.com\/?p=15595"},"modified":"2017-02-22T19:46:20","modified_gmt":"2017-02-22T19:46:20","slug":"video-larmee-arabe-syrienne-avance-a-alep-et-deir-ez-zor-contre-daesh","status":"publish","type":"post","link":"https:\/\/www.lejournalduforkane.com\/index.php\/video-larmee-arabe-syrienne-avance-a-alep-et-deir-ez-zor-contre-daesh\/","title":{"rendered":"[Vid\u00e9o] | L&rsquo;Arm\u00e9e Arabe Syrienne avance \u00e0 Alep et Deir ez-Zor contre Daesh"},"content":{"rendered":"<p><!--more--><\/p>\n<div data-contents=\"true\">\n<div class=\"\" data-block=\"true\" data-editor=\"aklkp\" data-offset-key=\"eonjf-0-0\">\n<div class=\"_1mf _1mj\" data-offset-key=\"eonjf-0-0\">Lire article : La R\u00e9action de Bachar El Assad : Ouverture face aux revendications justes et fermet\u00e9 face aux terroristes ==&gt; <a href=\"https:\/\/www.lejournalduforkane.com\/index.php\/le-complot-contre-la-syrie-3\">www.lejournalduforkane.com\/index.php\/le-complot-contre-la-syrie-3<\/a><\/div>\n<\/div>\n<\/div>\n<p><iframe loading=\"lazy\" src=\"https:\/\/www.youtube.com\/embed\/ToeZGbdnVAc\" width=\"560\" height=\"315\" frameborder=\"0\" allowfullscreen=\"allowfullscreen\"><\/iframe><\/p>\n","protected":false},"excerpt":{"rendered":"Lire article : La R\u00e9action de Bachar El Assad : Ouverture face aux revendications justes et fermet\u00e9 face aux terroristes ==&gt; www.lejournalduforkane.com\/index.php\/le-complot-contre-la-syrie-3","protected":false},"author":2,"featured_media":0,"comment_status":"closed","ping_status":"open","sticky":false,"template":"","format":"standard","meta":[],"categories":[],"tags":[],"_links":{"self":[{"href":"https:\/\/www.lejournalduforkane.com\/index.php\/wp-json\/wp\/v2\/posts\/15595"}],"collection":[{"href":"https:\/\/www.lejournalduforkane.com\/index.php\/wp-json\/wp\/v2\/posts"}],"about":[{"href":"https:\/\/www.lejournalduforkane.com\/index.php\/wp-json\/wp\/v2\/types\/post"}],"author":[{"embeddable":true,"href":"https:\/\/www.lejournalduforkane.com\/index.php\/wp-json\/wp\/v2\/users\/2"}],"replies":[{"embeddable":true,"href":"https:\/\/www.lejournalduforkane.com\/index.php\/wp-json\/wp\/v2\/comments?post=15595"}],"version-history":[{"count":1,"href":"https:\/\/www.lejournalduforkane.com\/index.php\/wp-json\/wp\/v2\/posts\/15595\/revisions"}],"predecessor-version":[{"id":15597,"href":"https:\/\/www.lejournalduforkane.com\/index.php\/wp-json\/wp\/v2\/posts\/15595\/revisions\/15597"}],"wp:attachment":[{"href":"https:\/\/www.lejournalduforkane.com\/index.php\/wp-json\/wp\/v2\/media?parent=15595"}],"wp:term":[{"taxonomy":"category","embeddable":true,"href":"https:\/\/www.lejournalduforkane.com\/index.php\/wp-json\/wp\/v2\/categories?post=15595"},{"taxonomy":"post_tag","embeddable":true,"href":"https:\/\/www.lejournalduforkane.com\/index.php\/wp-json\/wp\/v2\/tags?post=15595"}],"curies":[{"name":"wp","href":"https:\/\/api.w.org\/{rel}","templated":true}]}}