
{"id":15621,"date":"2017-02-27T19:41:04","date_gmt":"2017-02-27T19:41:04","guid":{"rendered":"https:\/\/www.lejournalduforkane.com\/?p=15621"},"modified":"2017-02-27T19:41:04","modified_gmt":"2017-02-27T19:41:04","slug":"video-4-drones-de-fabrication-yemenite-devoiles","status":"publish","type":"post","link":"https:\/\/www.lejournalduforkane.com\/index.php\/video-4-drones-de-fabrication-yemenite-devoiles\/","title":{"rendered":"[Vid\u00e9o] | 4 drones de fabrication y\u00e9m\u00e9nite d\u00e9voil\u00e9s"},"content":{"rendered":"<p style=\"text-align: justify;\"><!--more--><\/p>\n<p style=\"text-align: justify;\"><span class=\"_5yl5\">Le minist\u00e8re de la D\u00e9fense ainsi que le pr\u00e9sident du Conseil politique supr\u00eame du Y\u00e9men ont inaugur\u00e9 le 1er salon des drones y\u00e9m\u00e9nites. <\/span><\/p>\n<p style=\"text-align: justify;\"><span class=\"_5yl5\">Ces drones permettent d\u2019intercepter, d\u2019identifier, de lancer une alerte rouge et de bombarder.<\/span><\/p>\n<p style=\"text-align: justify;\">Ces drones ont \u00e9t\u00e9 baptis\u00e9s Houd Houd 1 (la Huppe), Rassed (l\u2019observateur), Raqib (l\u2019inspecteur) et Qasef (le bombardier).<\/p>\n<p style=\"text-align: justify;\">VIVE LA R\u00c9SISTANCE YEMENITE<\/p>\n<div style=\"position: relative; height: 0; padding-bottom: 75.0%;\"><iframe loading=\"lazy\" style=\"position: absolute; width: 100%; height: 100%; left: 0;\" src=\"https:\/\/www.youtube.com\/embed\/wWaCEHJob1I?ecver=2\" width=\"480\" height=\"360\" frameborder=\"0\" allowfullscreen=\"allowfullscreen\"><\/iframe><\/div>\n","protected":false},"excerpt":{"rendered":"Le minist\u00e8re de la D\u00e9fense ainsi que le pr\u00e9sident du Conseil politique supr\u00eame du Y\u00e9men ont inaugur\u00e9 le 1er salon des drones y\u00e9m\u00e9nites. Ces drones permettent d\u2019intercepter, d\u2019identifier, de lancer","protected":false},"author":2,"featured_media":0,"comment_status":"closed","ping_status":"open","sticky":false,"template":"","format":"standard","meta":[],"categories":[],"tags":[],"_links":{"self":[{"href":"https:\/\/www.lejournalduforkane.com\/index.php\/wp-json\/wp\/v2\/posts\/15621"}],"collection":[{"href":"https:\/\/www.lejournalduforkane.com\/index.php\/wp-json\/wp\/v2\/posts"}],"about":[{"href":"https:\/\/www.lejournalduforkane.com\/index.php\/wp-json\/wp\/v2\/types\/post"}],"author":[{"embeddable":true,"href":"https:\/\/www.lejournalduforkane.com\/index.php\/wp-json\/wp\/v2\/users\/2"}],"replies":[{"embeddable":true,"href":"https:\/\/www.lejournalduforkane.com\/index.php\/wp-json\/wp\/v2\/comments?post=15621"}],"version-history":[{"count":1,"href":"https:\/\/www.lejournalduforkane.com\/index.php\/wp-json\/wp\/v2\/posts\/15621\/revisions"}],"predecessor-version":[{"id":15623,"href":"https:\/\/www.lejournalduforkane.com\/index.php\/wp-json\/wp\/v2\/posts\/15621\/revisions\/15623"}],"wp:attachment":[{"href":"https:\/\/www.lejournalduforkane.com\/index.php\/wp-json\/wp\/v2\/media?parent=15621"}],"wp:term":[{"taxonomy":"category","embeddable":true,"href":"https:\/\/www.lejournalduforkane.com\/index.php\/wp-json\/wp\/v2\/categories?post=15621"},{"taxonomy":"post_tag","embeddable":true,"href":"https:\/\/www.lejournalduforkane.com\/index.php\/wp-json\/wp\/v2\/tags?post=15621"}],"curies":[{"name":"wp","href":"https:\/\/api.w.org\/{rel}","templated":true}]}}