
{"id":15627,"date":"2017-02-27T19:49:42","date_gmt":"2017-02-27T19:49:42","guid":{"rendered":"https:\/\/www.lejournalduforkane.com\/?p=15627"},"modified":"2017-02-27T19:49:42","modified_gmt":"2017-02-27T19:49:42","slug":"voyez-comme-les-salafistes-sont-des-traitres-des-chiens-pieges-pour-faire-des-attentats-dans-les-lieux-publics","status":"publish","type":"post","link":"https:\/\/www.lejournalduforkane.com\/index.php\/voyez-comme-les-salafistes-sont-des-traitres-des-chiens-pieges-pour-faire-des-attentats-dans-les-lieux-publics\/","title":{"rendered":"VOYEZ COMME LES SALAFISTES SONT DES TRA\u00ceTRES : DES CHIENS PI\u00c9G\u00c9S POUR FAIRE DES ATTENTATS DANS LES LIEUX PUBLICS"},"content":{"rendered":"<p><!--more--><\/p>\n<p><span class=\"_5yl5\">Les forces de la mobilisation Populaire autorit\u00e9s y\u00e9m\u00e9nites ont r\u00e9ussi \u00e0 emp\u00eacher un attentat \u00e0 Tal &lsquo;Afar. Des chiens \u00e9quip\u00e9s d&rsquo;explosifs. <\/span><\/p>\n<p><span class=\"_5yl5\">COMMENT PEUT ON FAIRE CELA\u2026 CES SALAFISTES SONT DES PERVERS ET DES L\u00c2CHES !!!<\/span><\/p>\n<div style=\"position: relative; height: 0; padding-bottom: 56.25%;\"><iframe loading=\"lazy\" style=\"position: absolute; width: 100%; height: 100%; left: 0;\" src=\"https:\/\/www.youtube.com\/embed\/G75UrAm8SHU?ecver=2\" width=\"640\" height=\"360\" frameborder=\"0\" allowfullscreen=\"allowfullscreen\"><\/iframe><\/div>\n","protected":false},"excerpt":{"rendered":"Les forces de la mobilisation Populaire autorit\u00e9s y\u00e9m\u00e9nites ont r\u00e9ussi \u00e0 emp\u00eacher un attentat \u00e0 Tal 'Afar. Des chiens \u00e9quip\u00e9s d'explosifs. COMMENT PEUT ON FAIRE CELA\u2026 CES SALAFISTES SONT DES","protected":false},"author":2,"featured_media":0,"comment_status":"closed","ping_status":"open","sticky":false,"template":"","format":"standard","meta":[],"categories":[],"tags":[],"_links":{"self":[{"href":"https:\/\/www.lejournalduforkane.com\/index.php\/wp-json\/wp\/v2\/posts\/15627"}],"collection":[{"href":"https:\/\/www.lejournalduforkane.com\/index.php\/wp-json\/wp\/v2\/posts"}],"about":[{"href":"https:\/\/www.lejournalduforkane.com\/index.php\/wp-json\/wp\/v2\/types\/post"}],"author":[{"embeddable":true,"href":"https:\/\/www.lejournalduforkane.com\/index.php\/wp-json\/wp\/v2\/users\/2"}],"replies":[{"embeddable":true,"href":"https:\/\/www.lejournalduforkane.com\/index.php\/wp-json\/wp\/v2\/comments?post=15627"}],"version-history":[{"count":1,"href":"https:\/\/www.lejournalduforkane.com\/index.php\/wp-json\/wp\/v2\/posts\/15627\/revisions"}],"predecessor-version":[{"id":15629,"href":"https:\/\/www.lejournalduforkane.com\/index.php\/wp-json\/wp\/v2\/posts\/15627\/revisions\/15629"}],"wp:attachment":[{"href":"https:\/\/www.lejournalduforkane.com\/index.php\/wp-json\/wp\/v2\/media?parent=15627"}],"wp:term":[{"taxonomy":"category","embeddable":true,"href":"https:\/\/www.lejournalduforkane.com\/index.php\/wp-json\/wp\/v2\/categories?post=15627"},{"taxonomy":"post_tag","embeddable":true,"href":"https:\/\/www.lejournalduforkane.com\/index.php\/wp-json\/wp\/v2\/tags?post=15627"}],"curies":[{"name":"wp","href":"https:\/\/api.w.org\/{rel}","templated":true}]}}