
{"id":15674,"date":"2017-03-03T19:17:17","date_gmt":"2017-03-03T19:17:17","guid":{"rendered":"https:\/\/www.lejournalduforkane.com\/?p=15674"},"modified":"2017-03-03T19:17:17","modified_gmt":"2017-03-03T19:17:17","slug":"video-hollande-le-foll-et-compagnie-siffles-hues-traites-de-bon-a-rien-fumier","status":"publish","type":"post","link":"https:\/\/www.lejournalduforkane.com\/index.php\/video-hollande-le-foll-et-compagnie-siffles-hues-traites-de-bon-a-rien-fumier\/","title":{"rendered":"[Vid\u00e9o] | Hollande, Le Foll et compagnie siffl\u00e9s hu\u00e9s, trait\u00e9s de \u00abBon \u00e0 rien\u00bb, \u00abfumier\u00bb"},"content":{"rendered":"<p><!--more--><\/p>\n<p style=\"text-align: justify;\"><strong><span class=\"_5yl5\">CE QUE VOUS N&rsquo;AVEZ PAS VU DANS LES M\u00c9DIAS SUR LA VISITE DE FRANCOIS HOLLANDE SAMEDI AU SALON DE L&rsquo;AGRICULTURE 2017 !!!<\/span><\/strong><\/p>\n<p style=\"text-align: justify;\"><strong><span class=\"_5yl5\"> \u00ab\u00a0ON NE VOUS MONTRE PAS TOUT\u00a0\u00bb <\/span><\/strong><\/p>\n<p style=\"text-align: justify;\"><span class=\"_5yl5\">Hollande, Le Foll et compagnie siffl\u00e9s hu\u00e9s, trait\u00e9s de \u00abBon \u00e0 rien\u00bb, \u00abfumier\u00bb . Un climat de tr\u00e8s haute tension d\u00fb \u00e0 la crise que traverse le milieu agricole et dans tous les milieux d&rsquo;ailleurs <\/span><\/p>\n<p style=\"text-align: justify;\"><strong><span class=\"_5yl5\">RECORD D&rsquo;IMPOPULARIT\u00c9\u00a0!!!<\/span><\/strong><\/p>\n<p><strong> <iframe loading=\"lazy\" src=\"https:\/\/www.youtube.com\/embed\/_COjjQsV9dU\" width=\"560\" height=\"315\" frameborder=\"0\" allowfullscreen=\"allowfullscreen\"><\/iframe><\/strong><\/p>\n","protected":false},"excerpt":{"rendered":"CE QUE VOUS N'AVEZ PAS VU DANS LES M\u00c9DIAS SUR LA VISITE DE FRANCOIS HOLLANDE SAMEDI AU SALON DE L'AGRICULTURE 2017 !!! \"ON NE VOUS MONTRE PAS TOUT\" Hollande, Le","protected":false},"author":2,"featured_media":0,"comment_status":"closed","ping_status":"open","sticky":false,"template":"","format":"standard","meta":[],"categories":[],"tags":[],"_links":{"self":[{"href":"https:\/\/www.lejournalduforkane.com\/index.php\/wp-json\/wp\/v2\/posts\/15674"}],"collection":[{"href":"https:\/\/www.lejournalduforkane.com\/index.php\/wp-json\/wp\/v2\/posts"}],"about":[{"href":"https:\/\/www.lejournalduforkane.com\/index.php\/wp-json\/wp\/v2\/types\/post"}],"author":[{"embeddable":true,"href":"https:\/\/www.lejournalduforkane.com\/index.php\/wp-json\/wp\/v2\/users\/2"}],"replies":[{"embeddable":true,"href":"https:\/\/www.lejournalduforkane.com\/index.php\/wp-json\/wp\/v2\/comments?post=15674"}],"version-history":[{"count":1,"href":"https:\/\/www.lejournalduforkane.com\/index.php\/wp-json\/wp\/v2\/posts\/15674\/revisions"}],"predecessor-version":[{"id":15676,"href":"https:\/\/www.lejournalduforkane.com\/index.php\/wp-json\/wp\/v2\/posts\/15674\/revisions\/15676"}],"wp:attachment":[{"href":"https:\/\/www.lejournalduforkane.com\/index.php\/wp-json\/wp\/v2\/media?parent=15674"}],"wp:term":[{"taxonomy":"category","embeddable":true,"href":"https:\/\/www.lejournalduforkane.com\/index.php\/wp-json\/wp\/v2\/categories?post=15674"},{"taxonomy":"post_tag","embeddable":true,"href":"https:\/\/www.lejournalduforkane.com\/index.php\/wp-json\/wp\/v2\/tags?post=15674"}],"curies":[{"name":"wp","href":"https:\/\/api.w.org\/{rel}","templated":true}]}}