
{"id":15731,"date":"2017-03-07T19:14:17","date_gmt":"2017-03-07T19:14:17","guid":{"rendered":"https:\/\/www.lejournalduforkane.com\/?p=15731"},"modified":"2017-03-07T19:14:17","modified_gmt":"2017-03-07T19:14:17","slug":"les-cloches-des-eglises-de-mossoul-sonnent-a-nouveau","status":"publish","type":"post","link":"https:\/\/www.lejournalduforkane.com\/index.php\/les-cloches-des-eglises-de-mossoul-sonnent-a-nouveau\/","title":{"rendered":"Les cloches des \u00e9glises de Mossoul sonnent \u00e0 nouveau"},"content":{"rendered":"<p><!--more-->Lire article : La coexistence n\u00e9cessaire pacifique des Chr\u00e9tiens et des Musulmans ==&gt; <a href=\"https:\/\/www.lejournalduforkane.com\/index.php\/coexistence-necessaire-pacifique-des-chretiens-et-des-musulmans\">www.lejournalduforkane.com\/index.php\/coexistence-necessaire-pacifique-des-chretiens-et-des-musulmans<\/a><\/p>\n<div style=\"position: relative; height: 0; padding-bottom: 56.25%;\"><iframe loading=\"lazy\" style=\"position: absolute; width: 100%; height: 100%; left: 0;\" src=\"https:\/\/www.youtube.com\/embed\/iyKK7_OB6NA?ecver=2\" width=\"640\" height=\"360\" frameborder=\"0\" allowfullscreen=\"allowfullscreen\"><\/iframe><\/div>\n","protected":false},"excerpt":{"rendered":"Lire article : La coexistence n\u00e9cessaire pacifique des Chr\u00e9tiens et des Musulmans ==&gt; www.lejournalduforkane.com\/index.php\/coexistence-necessaire-pacifique-des-chretiens-et-des-musulmans","protected":false},"author":2,"featured_media":0,"comment_status":"closed","ping_status":"open","sticky":false,"template":"","format":"standard","meta":[],"categories":[],"tags":[],"_links":{"self":[{"href":"https:\/\/www.lejournalduforkane.com\/index.php\/wp-json\/wp\/v2\/posts\/15731"}],"collection":[{"href":"https:\/\/www.lejournalduforkane.com\/index.php\/wp-json\/wp\/v2\/posts"}],"about":[{"href":"https:\/\/www.lejournalduforkane.com\/index.php\/wp-json\/wp\/v2\/types\/post"}],"author":[{"embeddable":true,"href":"https:\/\/www.lejournalduforkane.com\/index.php\/wp-json\/wp\/v2\/users\/2"}],"replies":[{"embeddable":true,"href":"https:\/\/www.lejournalduforkane.com\/index.php\/wp-json\/wp\/v2\/comments?post=15731"}],"version-history":[{"count":1,"href":"https:\/\/www.lejournalduforkane.com\/index.php\/wp-json\/wp\/v2\/posts\/15731\/revisions"}],"predecessor-version":[{"id":15733,"href":"https:\/\/www.lejournalduforkane.com\/index.php\/wp-json\/wp\/v2\/posts\/15731\/revisions\/15733"}],"wp:attachment":[{"href":"https:\/\/www.lejournalduforkane.com\/index.php\/wp-json\/wp\/v2\/media?parent=15731"}],"wp:term":[{"taxonomy":"category","embeddable":true,"href":"https:\/\/www.lejournalduforkane.com\/index.php\/wp-json\/wp\/v2\/categories?post=15731"},{"taxonomy":"post_tag","embeddable":true,"href":"https:\/\/www.lejournalduforkane.com\/index.php\/wp-json\/wp\/v2\/tags?post=15731"}],"curies":[{"name":"wp","href":"https:\/\/api.w.org\/{rel}","templated":true}]}}