
{"id":15743,"date":"2017-03-07T19:31:48","date_gmt":"2017-03-07T19:31:48","guid":{"rendered":"https:\/\/www.lejournalduforkane.com\/?p=15743"},"modified":"2017-03-07T19:31:48","modified_gmt":"2017-03-07T19:31:48","slug":"video-a-la-suite-du-tyran-darabie-saoudite-1-000-personnes-et-460-tonnes-de-bagages-pour-un-mois-de-deplacements-diplomatiques-en-asie-le-roi-salmane-prend-ses-precautions","status":"publish","type":"post","link":"https:\/\/www.lejournalduforkane.com\/index.php\/video-a-la-suite-du-tyran-darabie-saoudite-1-000-personnes-et-460-tonnes-de-bagages-pour-un-mois-de-deplacements-diplomatiques-en-asie-le-roi-salmane-prend-ses-precautions\/","title":{"rendered":"[Vid\u00e9o] | A la suite du tyran d&rsquo;Arabie saoudite: 1 000 personnes et 460 tonnes de bagages pour un mois de d\u00e9placements diplomatiques en Asie, le roi Salmane prend ses pr\u00e9cautions !!!"},"content":{"rendered":"<p><!--more--><\/p>\n<p><iframe loading=\"lazy\" src=\"https:\/\/www.youtube.com\/embed\/9cwGu3TMnKg\" width=\"560\" height=\"315\" frameborder=\"0\" allowfullscreen=\"allowfullscreen\"><\/iframe><\/p>\n","protected":false},"excerpt":{"rendered":"","protected":false},"author":2,"featured_media":0,"comment_status":"closed","ping_status":"open","sticky":false,"template":"","format":"standard","meta":[],"categories":[],"tags":[],"_links":{"self":[{"href":"https:\/\/www.lejournalduforkane.com\/index.php\/wp-json\/wp\/v2\/posts\/15743"}],"collection":[{"href":"https:\/\/www.lejournalduforkane.com\/index.php\/wp-json\/wp\/v2\/posts"}],"about":[{"href":"https:\/\/www.lejournalduforkane.com\/index.php\/wp-json\/wp\/v2\/types\/post"}],"author":[{"embeddable":true,"href":"https:\/\/www.lejournalduforkane.com\/index.php\/wp-json\/wp\/v2\/users\/2"}],"replies":[{"embeddable":true,"href":"https:\/\/www.lejournalduforkane.com\/index.php\/wp-json\/wp\/v2\/comments?post=15743"}],"version-history":[{"count":1,"href":"https:\/\/www.lejournalduforkane.com\/index.php\/wp-json\/wp\/v2\/posts\/15743\/revisions"}],"predecessor-version":[{"id":15745,"href":"https:\/\/www.lejournalduforkane.com\/index.php\/wp-json\/wp\/v2\/posts\/15743\/revisions\/15745"}],"wp:attachment":[{"href":"https:\/\/www.lejournalduforkane.com\/index.php\/wp-json\/wp\/v2\/media?parent=15743"}],"wp:term":[{"taxonomy":"category","embeddable":true,"href":"https:\/\/www.lejournalduforkane.com\/index.php\/wp-json\/wp\/v2\/categories?post=15743"},{"taxonomy":"post_tag","embeddable":true,"href":"https:\/\/www.lejournalduforkane.com\/index.php\/wp-json\/wp\/v2\/tags?post=15743"}],"curies":[{"name":"wp","href":"https:\/\/api.w.org\/{rel}","templated":true}]}}