
{"id":15791,"date":"2017-03-10T19:13:34","date_gmt":"2017-03-10T19:13:34","guid":{"rendered":"https:\/\/www.lejournalduforkane.com\/?p=15791"},"modified":"2017-03-10T19:13:34","modified_gmt":"2017-03-10T19:13:34","slug":"en-images-les-operations-des-forces-irakiennes-sur-le-cote-est-de-mossoul-pour-liberer-la-ville-des-terroristes-de-daesh","status":"publish","type":"post","link":"https:\/\/www.lejournalduforkane.com\/index.php\/en-images-les-operations-des-forces-irakiennes-sur-le-cote-est-de-mossoul-pour-liberer-la-ville-des-terroristes-de-daesh\/","title":{"rendered":"En images : les op\u00e9rations des forces irakiennes sur le c\u00f4t\u00e9 Est de Mossoul pour lib\u00e9rer la ville des terroristes de Daesh"},"content":{"rendered":"<p><!--more--><\/p>\n<p><img loading=\"lazy\" class=\"alignnone size-medium wp-image-15792\" src=\"https:\/\/www.lejournalduforkane.com\/wp-content\/uploads\/2017\/03\/les-op\u00e9rations-des-forces-irakiennes-sur-le-c\u00f4t\u00e9-Est-de-Mossoul-pour-lib\u00e9rer-la-ville-des-terroristes-de-Daesh8-300x225.jpg\" alt=\"les op\u00e9rations des forces irakiennes sur le c\u00f4t\u00e9 Est de Mossoul pour lib\u00e9rer la ville des terroristes de Daesh8\" width=\"300\" height=\"225\" srcset=\"https:\/\/www.lejournalduforkane.com\/wp-content\/uploads\/2017\/03\/les-op\u00e9rations-des-forces-irakiennes-sur-le-c\u00f4t\u00e9-Est-de-Mossoul-pour-lib\u00e9rer-la-ville-des-terroristes-de-Daesh8-300x225.jpg 300w, https:\/\/www.lejournalduforkane.com\/wp-content\/uploads\/2017\/03\/les-op\u00e9rations-des-forces-irakiennes-sur-le-c\u00f4t\u00e9-Est-de-Mossoul-pour-lib\u00e9rer-la-ville-des-terroristes-de-Daesh8-768x576.jpg 768w, https:\/\/www.lejournalduforkane.com\/wp-content\/uploads\/2017\/03\/les-op\u00e9rations-des-forces-irakiennes-sur-le-c\u00f4t\u00e9-Est-de-Mossoul-pour-lib\u00e9rer-la-ville-des-terroristes-de-Daesh8.jpg 960w\" sizes=\"(max-width: 300px) 100vw, 300px\" \/> <img loading=\"lazy\" class=\"alignnone size-medium wp-image-15793\" src=\"https:\/\/www.lejournalduforkane.com\/wp-content\/uploads\/2017\/03\/les-op\u00e9rations-des-forces-irakiennes-sur-le-c\u00f4t\u00e9-Est-de-Mossoul-pour-lib\u00e9rer-la-ville-des-terroristes-de-Daesh7-300x225.jpg\" alt=\"les op\u00e9rations des forces irakiennes sur le c\u00f4t\u00e9 Est de Mossoul pour lib\u00e9rer la ville des terroristes de Daesh7\" width=\"300\" height=\"225\" srcset=\"https:\/\/www.lejournalduforkane.com\/wp-content\/uploads\/2017\/03\/les-op\u00e9rations-des-forces-irakiennes-sur-le-c\u00f4t\u00e9-Est-de-Mossoul-pour-lib\u00e9rer-la-ville-des-terroristes-de-Daesh7-300x225.jpg 300w, https:\/\/www.lejournalduforkane.com\/wp-content\/uploads\/2017\/03\/les-op\u00e9rations-des-forces-irakiennes-sur-le-c\u00f4t\u00e9-Est-de-Mossoul-pour-lib\u00e9rer-la-ville-des-terroristes-de-Daesh7-768x576.jpg 768w, https:\/\/www.lejournalduforkane.com\/wp-content\/uploads\/2017\/03\/les-op\u00e9rations-des-forces-irakiennes-sur-le-c\u00f4t\u00e9-Est-de-Mossoul-pour-lib\u00e9rer-la-ville-des-terroristes-de-Daesh7.jpg 960w\" sizes=\"(max-width: 300px) 100vw, 300px\" \/> <img loading=\"lazy\" class=\"alignnone size-medium wp-image-15794\" src=\"https:\/\/www.lejournalduforkane.com\/wp-content\/uploads\/2017\/03\/les-op\u00e9rations-des-forces-irakiennes-sur-le-c\u00f4t\u00e9-Est-de-Mossoul-pour-lib\u00e9rer-la-ville-des-terroristes-de-Daesh6-300x225.jpg\" alt=\"les op\u00e9rations des forces irakiennes sur le c\u00f4t\u00e9 Est de Mossoul pour lib\u00e9rer la ville des terroristes de Daesh6\" width=\"300\" height=\"225\" srcset=\"https:\/\/www.lejournalduforkane.com\/wp-content\/uploads\/2017\/03\/les-op\u00e9rations-des-forces-irakiennes-sur-le-c\u00f4t\u00e9-Est-de-Mossoul-pour-lib\u00e9rer-la-ville-des-terroristes-de-Daesh6-300x225.jpg 300w, https:\/\/www.lejournalduforkane.com\/wp-content\/uploads\/2017\/03\/les-op\u00e9rations-des-forces-irakiennes-sur-le-c\u00f4t\u00e9-Est-de-Mossoul-pour-lib\u00e9rer-la-ville-des-terroristes-de-Daesh6-768x576.jpg 768w, https:\/\/www.lejournalduforkane.com\/wp-content\/uploads\/2017\/03\/les-op\u00e9rations-des-forces-irakiennes-sur-le-c\u00f4t\u00e9-Est-de-Mossoul-pour-lib\u00e9rer-la-ville-des-terroristes-de-Daesh6.jpg 960w\" sizes=\"(max-width: 300px) 100vw, 300px\" \/> <img loading=\"lazy\" class=\"alignnone size-medium wp-image-15795\" src=\"https:\/\/www.lejournalduforkane.com\/wp-content\/uploads\/2017\/03\/les-op\u00e9rations-des-forces-irakiennes-sur-le-c\u00f4t\u00e9-Est-de-Mossoul-pour-lib\u00e9rer-la-ville-des-terroristes-de-Daesh5-300x225.jpg\" alt=\"les op\u00e9rations des forces irakiennes sur le c\u00f4t\u00e9 Est de Mossoul pour lib\u00e9rer la ville des terroristes de Daesh5\" width=\"300\" height=\"225\" srcset=\"https:\/\/www.lejournalduforkane.com\/wp-content\/uploads\/2017\/03\/les-op\u00e9rations-des-forces-irakiennes-sur-le-c\u00f4t\u00e9-Est-de-Mossoul-pour-lib\u00e9rer-la-ville-des-terroristes-de-Daesh5-300x225.jpg 300w, https:\/\/www.lejournalduforkane.com\/wp-content\/uploads\/2017\/03\/les-op\u00e9rations-des-forces-irakiennes-sur-le-c\u00f4t\u00e9-Est-de-Mossoul-pour-lib\u00e9rer-la-ville-des-terroristes-de-Daesh5-768x576.jpg 768w, https:\/\/www.lejournalduforkane.com\/wp-content\/uploads\/2017\/03\/les-op\u00e9rations-des-forces-irakiennes-sur-le-c\u00f4t\u00e9-Est-de-Mossoul-pour-lib\u00e9rer-la-ville-des-terroristes-de-Daesh5.jpg 960w\" sizes=\"(max-width: 300px) 100vw, 300px\" \/> <img loading=\"lazy\" class=\"alignnone size-medium wp-image-15796\" src=\"https:\/\/www.lejournalduforkane.com\/wp-content\/uploads\/2017\/03\/les-op\u00e9rations-des-forces-irakiennes-sur-le-c\u00f4t\u00e9-Est-de-Mossoul-pour-lib\u00e9rer-la-ville-des-terroristes-de-Daesh4-300x225.jpg\" alt=\"les op\u00e9rations des forces irakiennes sur le c\u00f4t\u00e9 Est de Mossoul pour lib\u00e9rer la ville des terroristes de Daesh4\" width=\"300\" height=\"225\" srcset=\"https:\/\/www.lejournalduforkane.com\/wp-content\/uploads\/2017\/03\/les-op\u00e9rations-des-forces-irakiennes-sur-le-c\u00f4t\u00e9-Est-de-Mossoul-pour-lib\u00e9rer-la-ville-des-terroristes-de-Daesh4-300x225.jpg 300w, https:\/\/www.lejournalduforkane.com\/wp-content\/uploads\/2017\/03\/les-op\u00e9rations-des-forces-irakiennes-sur-le-c\u00f4t\u00e9-Est-de-Mossoul-pour-lib\u00e9rer-la-ville-des-terroristes-de-Daesh4-768x576.jpg 768w, https:\/\/www.lejournalduforkane.com\/wp-content\/uploads\/2017\/03\/les-op\u00e9rations-des-forces-irakiennes-sur-le-c\u00f4t\u00e9-Est-de-Mossoul-pour-lib\u00e9rer-la-ville-des-terroristes-de-Daesh4.jpg 960w\" sizes=\"(max-width: 300px) 100vw, 300px\" \/> <img loading=\"lazy\" class=\"alignnone size-medium wp-image-15797\" src=\"https:\/\/www.lejournalduforkane.com\/wp-content\/uploads\/2017\/03\/les-op\u00e9rations-des-forces-irakiennes-sur-le-c\u00f4t\u00e9-Est-de-Mossoul-pour-lib\u00e9rer-la-ville-des-terroristes-de-Daesh3-300x225.jpg\" alt=\"les op\u00e9rations des forces irakiennes sur le c\u00f4t\u00e9 Est de Mossoul pour lib\u00e9rer la ville des terroristes de Daesh3\" width=\"300\" height=\"225\" srcset=\"https:\/\/www.lejournalduforkane.com\/wp-content\/uploads\/2017\/03\/les-op\u00e9rations-des-forces-irakiennes-sur-le-c\u00f4t\u00e9-Est-de-Mossoul-pour-lib\u00e9rer-la-ville-des-terroristes-de-Daesh3-300x225.jpg 300w, https:\/\/www.lejournalduforkane.com\/wp-content\/uploads\/2017\/03\/les-op\u00e9rations-des-forces-irakiennes-sur-le-c\u00f4t\u00e9-Est-de-Mossoul-pour-lib\u00e9rer-la-ville-des-terroristes-de-Daesh3-768x576.jpg 768w, https:\/\/www.lejournalduforkane.com\/wp-content\/uploads\/2017\/03\/les-op\u00e9rations-des-forces-irakiennes-sur-le-c\u00f4t\u00e9-Est-de-Mossoul-pour-lib\u00e9rer-la-ville-des-terroristes-de-Daesh3.jpg 960w\" sizes=\"(max-width: 300px) 100vw, 300px\" \/> <img loading=\"lazy\" class=\"alignnone size-medium wp-image-15798\" src=\"https:\/\/www.lejournalduforkane.com\/wp-content\/uploads\/2017\/03\/les-op\u00e9rations-des-forces-irakiennes-sur-le-c\u00f4t\u00e9-Est-de-Mossoul-pour-lib\u00e9rer-la-ville-des-terroristes-de-Daesh2-300x225.jpg\" alt=\"les op\u00e9rations des forces irakiennes sur le c\u00f4t\u00e9 Est de Mossoul pour lib\u00e9rer la ville des terroristes de Daesh2\" width=\"300\" height=\"225\" srcset=\"https:\/\/www.lejournalduforkane.com\/wp-content\/uploads\/2017\/03\/les-op\u00e9rations-des-forces-irakiennes-sur-le-c\u00f4t\u00e9-Est-de-Mossoul-pour-lib\u00e9rer-la-ville-des-terroristes-de-Daesh2-300x225.jpg 300w, https:\/\/www.lejournalduforkane.com\/wp-content\/uploads\/2017\/03\/les-op\u00e9rations-des-forces-irakiennes-sur-le-c\u00f4t\u00e9-Est-de-Mossoul-pour-lib\u00e9rer-la-ville-des-terroristes-de-Daesh2-768x576.jpg 768w, https:\/\/www.lejournalduforkane.com\/wp-content\/uploads\/2017\/03\/les-op\u00e9rations-des-forces-irakiennes-sur-le-c\u00f4t\u00e9-Est-de-Mossoul-pour-lib\u00e9rer-la-ville-des-terroristes-de-Daesh2.jpg 960w\" sizes=\"(max-width: 300px) 100vw, 300px\" \/> <img loading=\"lazy\" class=\"alignnone size-medium wp-image-15799\" src=\"https:\/\/www.lejournalduforkane.com\/wp-content\/uploads\/2017\/03\/les-op\u00e9rations-des-forces-irakiennes-sur-le-c\u00f4t\u00e9-Est-de-Mossoul-pour-lib\u00e9rer-la-ville-des-terroristes-de-Daesh1-300x225.jpg\" alt=\"les op\u00e9rations des forces irakiennes sur le c\u00f4t\u00e9 Est de Mossoul pour lib\u00e9rer la ville des terroristes de Daesh1\" width=\"300\" height=\"225\" srcset=\"https:\/\/www.lejournalduforkane.com\/wp-content\/uploads\/2017\/03\/les-op\u00e9rations-des-forces-irakiennes-sur-le-c\u00f4t\u00e9-Est-de-Mossoul-pour-lib\u00e9rer-la-ville-des-terroristes-de-Daesh1-300x225.jpg 300w, https:\/\/www.lejournalduforkane.com\/wp-content\/uploads\/2017\/03\/les-op\u00e9rations-des-forces-irakiennes-sur-le-c\u00f4t\u00e9-Est-de-Mossoul-pour-lib\u00e9rer-la-ville-des-terroristes-de-Daesh1.jpg 480w\" sizes=\"(max-width: 300px) 100vw, 300px\" \/><\/p>\n","protected":false},"excerpt":{"rendered":"","protected":false},"author":2,"featured_media":15799,"comment_status":"closed","ping_status":"open","sticky":false,"template":"","format":"standard","meta":[],"categories":[],"tags":[],"_links":{"self":[{"href":"https:\/\/www.lejournalduforkane.com\/index.php\/wp-json\/wp\/v2\/posts\/15791"}],"collection":[{"href":"https:\/\/www.lejournalduforkane.com\/index.php\/wp-json\/wp\/v2\/posts"}],"about":[{"href":"https:\/\/www.lejournalduforkane.com\/index.php\/wp-json\/wp\/v2\/types\/post"}],"author":[{"embeddable":true,"href":"https:\/\/www.lejournalduforkane.com\/index.php\/wp-json\/wp\/v2\/users\/2"}],"replies":[{"embeddable":true,"href":"https:\/\/www.lejournalduforkane.com\/index.php\/wp-json\/wp\/v2\/comments?post=15791"}],"version-history":[{"count":1,"href":"https:\/\/www.lejournalduforkane.com\/index.php\/wp-json\/wp\/v2\/posts\/15791\/revisions"}],"predecessor-version":[{"id":15800,"href":"https:\/\/www.lejournalduforkane.com\/index.php\/wp-json\/wp\/v2\/posts\/15791\/revisions\/15800"}],"wp:featuredmedia":[{"embeddable":true,"href":"https:\/\/www.lejournalduforkane.com\/index.php\/wp-json\/wp\/v2\/media\/15799"}],"wp:attachment":[{"href":"https:\/\/www.lejournalduforkane.com\/index.php\/wp-json\/wp\/v2\/media?parent=15791"}],"wp:term":[{"taxonomy":"category","embeddable":true,"href":"https:\/\/www.lejournalduforkane.com\/index.php\/wp-json\/wp\/v2\/categories?post=15791"},{"taxonomy":"post_tag","embeddable":true,"href":"https:\/\/www.lejournalduforkane.com\/index.php\/wp-json\/wp\/v2\/tags?post=15791"}],"curies":[{"name":"wp","href":"https:\/\/api.w.org\/{rel}","templated":true}]}}