
{"id":15827,"date":"2017-03-14T19:10:52","date_gmt":"2017-03-14T19:10:52","guid":{"rendered":"https:\/\/www.lejournalduforkane.com\/?p=15827"},"modified":"2017-03-14T19:10:52","modified_gmt":"2017-03-14T19:10:52","slug":"voici-les-femmes-de-larmee-arabe-syrienne-qui-ont-aide-a-liberer-la-ville-ancienne-de-palmyre-des-mains-des-terroristes-de-daesh","status":"publish","type":"post","link":"https:\/\/www.lejournalduforkane.com\/index.php\/voici-les-femmes-de-larmee-arabe-syrienne-qui-ont-aide-a-liberer-la-ville-ancienne-de-palmyre-des-mains-des-terroristes-de-daesh\/","title":{"rendered":"Voici les femmes de l&rsquo;Arm\u00e9e Arabe Syrienne qui ont aid\u00e9 \u00e0 lib\u00e9rer la ville ancienne de Palmyre des mains des terroristes de Daesh"},"content":{"rendered":"<p><!--more--><br \/>\n<iframe loading=\"lazy\" src=\"https:\/\/www.youtube.com\/embed\/UL77xgCb5r8\" width=\"560\" height=\"315\" frameborder=\"0\" allowfullscreen=\"allowfullscreen\"><\/iframe><\/p>\n","protected":false},"excerpt":{"rendered":"","protected":false},"author":2,"featured_media":0,"comment_status":"closed","ping_status":"open","sticky":false,"template":"","format":"standard","meta":[],"categories":[49],"tags":[],"_links":{"self":[{"href":"https:\/\/www.lejournalduforkane.com\/index.php\/wp-json\/wp\/v2\/posts\/15827"}],"collection":[{"href":"https:\/\/www.lejournalduforkane.com\/index.php\/wp-json\/wp\/v2\/posts"}],"about":[{"href":"https:\/\/www.lejournalduforkane.com\/index.php\/wp-json\/wp\/v2\/types\/post"}],"author":[{"embeddable":true,"href":"https:\/\/www.lejournalduforkane.com\/index.php\/wp-json\/wp\/v2\/users\/2"}],"replies":[{"embeddable":true,"href":"https:\/\/www.lejournalduforkane.com\/index.php\/wp-json\/wp\/v2\/comments?post=15827"}],"version-history":[{"count":1,"href":"https:\/\/www.lejournalduforkane.com\/index.php\/wp-json\/wp\/v2\/posts\/15827\/revisions"}],"predecessor-version":[{"id":15829,"href":"https:\/\/www.lejournalduforkane.com\/index.php\/wp-json\/wp\/v2\/posts\/15827\/revisions\/15829"}],"wp:attachment":[{"href":"https:\/\/www.lejournalduforkane.com\/index.php\/wp-json\/wp\/v2\/media?parent=15827"}],"wp:term":[{"taxonomy":"category","embeddable":true,"href":"https:\/\/www.lejournalduforkane.com\/index.php\/wp-json\/wp\/v2\/categories?post=15827"},{"taxonomy":"post_tag","embeddable":true,"href":"https:\/\/www.lejournalduforkane.com\/index.php\/wp-json\/wp\/v2\/tags?post=15827"}],"curies":[{"name":"wp","href":"https:\/\/api.w.org\/{rel}","templated":true}]}}