
{"id":15848,"date":"2017-03-16T19:44:03","date_gmt":"2017-03-16T19:44:03","guid":{"rendered":"https:\/\/www.lejournalduforkane.com\/?p=15848"},"modified":"2017-03-16T19:44:03","modified_gmt":"2017-03-16T19:44:03","slug":"regardez-comment-les-terroristes-de-daesh-ont-detruit-le-musee-de-mossoul","status":"publish","type":"post","link":"https:\/\/www.lejournalduforkane.com\/index.php\/regardez-comment-les-terroristes-de-daesh-ont-detruit-le-musee-de-mossoul\/","title":{"rendered":"Regardez comment les terroristes de Daesh ont d\u00e9truit le mus\u00e9e de Mossoul"},"content":{"rendered":"<p><!--more--><\/p>\n<p style=\"text-align: justify;\"><span class=\"_5yl5\">Cela t\u00e9moigne de leur haine envers les anciennes civilisations, la culture et surtout l&rsquo;Islam.<\/span><\/p>\n<p style=\"text-align: justify;\"><strong><span class=\"_5yl5\"> CES TERRORISTES SALAFISTES WAHHABITES NE SONT DONC PAS MUSULMANS. S\u2019 ILS L\u2019\u00c9TAIENT ILS NE D\u00c9TRUIRAIENT PAS LES VESTIGES DE L\u2019ISLAM. ILS NE SERVENT QUE LES INT\u00c9R\u00caTS DE LEURS MA\u00ceTRES SIONISTES QUI CHERCHENT A OCCUPER ET A ESCLAVAGISER LES MUSULMANS.<\/span><\/strong><\/p>\n<div style=\"position: relative; height: 0; padding-bottom: 56.25%;\"><iframe loading=\"lazy\" style=\"position: absolute; width: 100%; height: 100%; left: 0;\" src=\"https:\/\/www.youtube.com\/embed\/W58CtdXLIjg?ecver=2\" width=\"640\" height=\"360\" frameborder=\"0\" allowfullscreen=\"allowfullscreen\"><\/iframe><\/div>\n","protected":false},"excerpt":{"rendered":"Cela t\u00e9moigne de leur haine envers les anciennes civilisations, la culture et surtout l'Islam. CES TERRORISTES SALAFISTES WAHHABITES NE SONT DONC PAS MUSULMANS. S\u2019 ILS L\u2019\u00c9TAIENT ILS NE D\u00c9TRUIRAIENT PAS","protected":false},"author":2,"featured_media":0,"comment_status":"closed","ping_status":"open","sticky":false,"template":"","format":"standard","meta":[],"categories":[49],"tags":[],"_links":{"self":[{"href":"https:\/\/www.lejournalduforkane.com\/index.php\/wp-json\/wp\/v2\/posts\/15848"}],"collection":[{"href":"https:\/\/www.lejournalduforkane.com\/index.php\/wp-json\/wp\/v2\/posts"}],"about":[{"href":"https:\/\/www.lejournalduforkane.com\/index.php\/wp-json\/wp\/v2\/types\/post"}],"author":[{"embeddable":true,"href":"https:\/\/www.lejournalduforkane.com\/index.php\/wp-json\/wp\/v2\/users\/2"}],"replies":[{"embeddable":true,"href":"https:\/\/www.lejournalduforkane.com\/index.php\/wp-json\/wp\/v2\/comments?post=15848"}],"version-history":[{"count":2,"href":"https:\/\/www.lejournalduforkane.com\/index.php\/wp-json\/wp\/v2\/posts\/15848\/revisions"}],"predecessor-version":[{"id":15851,"href":"https:\/\/www.lejournalduforkane.com\/index.php\/wp-json\/wp\/v2\/posts\/15848\/revisions\/15851"}],"wp:attachment":[{"href":"https:\/\/www.lejournalduforkane.com\/index.php\/wp-json\/wp\/v2\/media?parent=15848"}],"wp:term":[{"taxonomy":"category","embeddable":true,"href":"https:\/\/www.lejournalduforkane.com\/index.php\/wp-json\/wp\/v2\/categories?post=15848"},{"taxonomy":"post_tag","embeddable":true,"href":"https:\/\/www.lejournalduforkane.com\/index.php\/wp-json\/wp\/v2\/tags?post=15848"}],"curies":[{"name":"wp","href":"https:\/\/api.w.org\/{rel}","templated":true}]}}