
{"id":15853,"date":"2017-03-17T19:12:46","date_gmt":"2017-03-17T19:12:46","guid":{"rendered":"https:\/\/www.lejournalduforkane.com\/?p=15853"},"modified":"2017-03-17T19:12:46","modified_gmt":"2017-03-17T19:12:46","slug":"video-presentation-devant-les-medias-mondiaux-du-prisonnier-cousin-dabou-bakr-al-bagdadi-et-responsable-de-la-prison-de-badouch-naynawa-irak","status":"publish","type":"post","link":"https:\/\/www.lejournalduforkane.com\/index.php\/video-presentation-devant-les-medias-mondiaux-du-prisonnier-cousin-dabou-bakr-al-bagdadi-et-responsable-de-la-prison-de-badouch-naynawa-irak\/","title":{"rendered":"[Vid\u00e9o] | pr\u00e9sentation devant les m\u00e9dias mondiaux du prisonnier cousin d&rsquo;Abou Bakr Al-Bagdadi, et responsable de la prison de Badouch &#8211; Naynawa (Irak)"},"content":{"rendered":"<p><!--more--><\/p>\n<div style=\"position: relative; height: 0; padding-bottom: 75.0%;\"><iframe loading=\"lazy\" style=\"position: absolute; width: 100%; height: 100%; left: 0;\" src=\"https:\/\/www.youtube.com\/embed\/CRITl3Y8ZFk?ecver=2\" width=\"480\" height=\"360\" frameborder=\"0\" allowfullscreen=\"allowfullscreen\"><\/iframe><\/div>\n<p>&nbsp;<\/p>\n","protected":false},"excerpt":{"rendered":"&nbsp;","protected":false},"author":2,"featured_media":0,"comment_status":"closed","ping_status":"open","sticky":false,"template":"","format":"standard","meta":[],"categories":[49],"tags":[],"_links":{"self":[{"href":"https:\/\/www.lejournalduforkane.com\/index.php\/wp-json\/wp\/v2\/posts\/15853"}],"collection":[{"href":"https:\/\/www.lejournalduforkane.com\/index.php\/wp-json\/wp\/v2\/posts"}],"about":[{"href":"https:\/\/www.lejournalduforkane.com\/index.php\/wp-json\/wp\/v2\/types\/post"}],"author":[{"embeddable":true,"href":"https:\/\/www.lejournalduforkane.com\/index.php\/wp-json\/wp\/v2\/users\/2"}],"replies":[{"embeddable":true,"href":"https:\/\/www.lejournalduforkane.com\/index.php\/wp-json\/wp\/v2\/comments?post=15853"}],"version-history":[{"count":3,"href":"https:\/\/www.lejournalduforkane.com\/index.php\/wp-json\/wp\/v2\/posts\/15853\/revisions"}],"predecessor-version":[{"id":15857,"href":"https:\/\/www.lejournalduforkane.com\/index.php\/wp-json\/wp\/v2\/posts\/15853\/revisions\/15857"}],"wp:attachment":[{"href":"https:\/\/www.lejournalduforkane.com\/index.php\/wp-json\/wp\/v2\/media?parent=15853"}],"wp:term":[{"taxonomy":"category","embeddable":true,"href":"https:\/\/www.lejournalduforkane.com\/index.php\/wp-json\/wp\/v2\/categories?post=15853"},{"taxonomy":"post_tag","embeddable":true,"href":"https:\/\/www.lejournalduforkane.com\/index.php\/wp-json\/wp\/v2\/tags?post=15853"}],"curies":[{"name":"wp","href":"https:\/\/api.w.org\/{rel}","templated":true}]}}