
{"id":15870,"date":"2017-03-18T17:37:18","date_gmt":"2017-03-18T17:37:18","guid":{"rendered":"https:\/\/www.lejournalduforkane.com\/?p=15870"},"modified":"2017-03-18T17:37:18","modified_gmt":"2017-03-18T17:37:18","slug":"video-mohammad-javad-zarif-ministre-des-affaires-etrangeres-iranien-la-division-entre-les-chiites-et-les-sunnites-ne-sert-qua-israel","status":"publish","type":"post","link":"https:\/\/www.lejournalduforkane.com\/index.php\/video-mohammad-javad-zarif-ministre-des-affaires-etrangeres-iranien-la-division-entre-les-chiites-et-les-sunnites-ne-sert-qua-israel\/","title":{"rendered":"[Vid\u00e9o] | Mohammad Javad Zarif (ministre des Affaires \u00e9trang\u00e8res iranien) : \u00a0\u00bb la division entre les chiites et les sunnites ne sert qu&rsquo;\u00e0 isra\u00ebl \u00ab\u00a0"},"content":{"rendered":"<p><!--more--><\/p>\n<div style=\"position: relative; height: 0; padding-bottom: 75.0%;\"><iframe loading=\"lazy\" src=\"https:\/\/www.youtube.com\/embed\/jUdp2fR84TE?ecver=2\" width=\"480\" height=\"360\" frameborder=\"0\" allowfullscreen=\"allowfullscreen\"><\/iframe><\/div>\n","protected":false},"excerpt":{"rendered":"","protected":false},"author":2,"featured_media":0,"comment_status":"closed","ping_status":"open","sticky":false,"template":"","format":"standard","meta":[],"categories":[49],"tags":[],"_links":{"self":[{"href":"https:\/\/www.lejournalduforkane.com\/index.php\/wp-json\/wp\/v2\/posts\/15870"}],"collection":[{"href":"https:\/\/www.lejournalduforkane.com\/index.php\/wp-json\/wp\/v2\/posts"}],"about":[{"href":"https:\/\/www.lejournalduforkane.com\/index.php\/wp-json\/wp\/v2\/types\/post"}],"author":[{"embeddable":true,"href":"https:\/\/www.lejournalduforkane.com\/index.php\/wp-json\/wp\/v2\/users\/2"}],"replies":[{"embeddable":true,"href":"https:\/\/www.lejournalduforkane.com\/index.php\/wp-json\/wp\/v2\/comments?post=15870"}],"version-history":[{"count":1,"href":"https:\/\/www.lejournalduforkane.com\/index.php\/wp-json\/wp\/v2\/posts\/15870\/revisions"}],"predecessor-version":[{"id":15872,"href":"https:\/\/www.lejournalduforkane.com\/index.php\/wp-json\/wp\/v2\/posts\/15870\/revisions\/15872"}],"wp:attachment":[{"href":"https:\/\/www.lejournalduforkane.com\/index.php\/wp-json\/wp\/v2\/media?parent=15870"}],"wp:term":[{"taxonomy":"category","embeddable":true,"href":"https:\/\/www.lejournalduforkane.com\/index.php\/wp-json\/wp\/v2\/categories?post=15870"},{"taxonomy":"post_tag","embeddable":true,"href":"https:\/\/www.lejournalduforkane.com\/index.php\/wp-json\/wp\/v2\/tags?post=15870"}],"curies":[{"name":"wp","href":"https:\/\/api.w.org\/{rel}","templated":true}]}}