
{"id":15883,"date":"2017-03-20T19:47:23","date_gmt":"2017-03-20T19:47:23","guid":{"rendered":"https:\/\/www.lejournalduforkane.com\/?p=15883"},"modified":"2017-03-20T19:47:23","modified_gmt":"2017-03-20T19:47:23","slug":"cet-irakien-a-ete-force-delever-le-drapeau-de-daesh-mais-a-souleve-le-drapeau-de-lirak-alors-les-terroristes-salafistes-lui-ont-tire-dessus","status":"publish","type":"post","link":"https:\/\/www.lejournalduforkane.com\/index.php\/cet-irakien-a-ete-force-delever-le-drapeau-de-daesh-mais-a-souleve-le-drapeau-de-lirak-alors-les-terroristes-salafistes-lui-ont-tire-dessus\/","title":{"rendered":"Cet irakien a \u00e9t\u00e9 forc\u00e9 d&rsquo;\u00e9lever le drapeau de Daesh, mais a soulev\u00e9 le drapeau de l&rsquo;Irak, alors les terroristes salafistes lui ont tir\u00e9 dessus&#8230;"},"content":{"rendered":"<p><!--more--><\/p>\n<p><strong><span class=\"_5yl5\">Un tel courage doit \u00eatre immortalis\u00e9<\/span><\/strong><br \/>\n<iframe loading=\"lazy\" src=\"https:\/\/www.youtube.com\/embed\/3aBVpwZLjzc\" width=\"560\" height=\"315\" frameborder=\"0\" allowfullscreen=\"allowfullscreen\"><\/iframe><\/p>\n","protected":false},"excerpt":{"rendered":"Un tel courage doit \u00eatre immortalis\u00e9","protected":false},"author":2,"featured_media":0,"comment_status":"closed","ping_status":"open","sticky":false,"template":"","format":"standard","meta":[],"categories":[49],"tags":[],"_links":{"self":[{"href":"https:\/\/www.lejournalduforkane.com\/index.php\/wp-json\/wp\/v2\/posts\/15883"}],"collection":[{"href":"https:\/\/www.lejournalduforkane.com\/index.php\/wp-json\/wp\/v2\/posts"}],"about":[{"href":"https:\/\/www.lejournalduforkane.com\/index.php\/wp-json\/wp\/v2\/types\/post"}],"author":[{"embeddable":true,"href":"https:\/\/www.lejournalduforkane.com\/index.php\/wp-json\/wp\/v2\/users\/2"}],"replies":[{"embeddable":true,"href":"https:\/\/www.lejournalduforkane.com\/index.php\/wp-json\/wp\/v2\/comments?post=15883"}],"version-history":[{"count":1,"href":"https:\/\/www.lejournalduforkane.com\/index.php\/wp-json\/wp\/v2\/posts\/15883\/revisions"}],"predecessor-version":[{"id":15885,"href":"https:\/\/www.lejournalduforkane.com\/index.php\/wp-json\/wp\/v2\/posts\/15883\/revisions\/15885"}],"wp:attachment":[{"href":"https:\/\/www.lejournalduforkane.com\/index.php\/wp-json\/wp\/v2\/media?parent=15883"}],"wp:term":[{"taxonomy":"category","embeddable":true,"href":"https:\/\/www.lejournalduforkane.com\/index.php\/wp-json\/wp\/v2\/categories?post=15883"},{"taxonomy":"post_tag","embeddable":true,"href":"https:\/\/www.lejournalduforkane.com\/index.php\/wp-json\/wp\/v2\/tags?post=15883"}],"curies":[{"name":"wp","href":"https:\/\/api.w.org\/{rel}","templated":true}]}}