
{"id":15898,"date":"2017-03-24T19:21:51","date_gmt":"2017-03-24T19:21:51","guid":{"rendered":"https:\/\/www.lejournalduforkane.com\/?p=15898"},"modified":"2017-03-24T19:21:51","modified_gmt":"2017-03-24T19:21:51","slug":"video-pres-de-1500-ecoles-detruites-par-la-coalition-arabo-sioniste-dirigee-par-larabie-saoudite-au-yemen-dont-200-dans-la-province-de-sada","status":"publish","type":"post","link":"https:\/\/www.lejournalduforkane.com\/index.php\/video-pres-de-1500-ecoles-detruites-par-la-coalition-arabo-sioniste-dirigee-par-larabie-saoudite-au-yemen-dont-200-dans-la-province-de-sada\/","title":{"rendered":"[Vid\u00e9o] | Pr\u00e8s de 1500 \u00e9coles d\u00e9truites par la coalition Arabo-sioniste dirig\u00e9e par l&rsquo;Arabie saoudite au Y\u00e9men, dont 200 dans la province de Sa&rsquo;da"},"content":{"rendered":"<p><!--more--><\/p>\n<p style=\"text-align: justify;\"><span class=\"_5yl5\">Le Proph\u00e8te (P) a b\u00e9ni le Y\u00e9men et la Syrie en m\u00eame tant qu\u2019il maudit le <strong>Najd berceau du fl\u00e9au salafiste<\/strong> <strong>et lieu de naissance de la maudite famille Al-Saoud<\/strong>. (Hadith Sahih au sens de Boukhari et de Muslim)<\/span><\/p>\n<p><iframe loading=\"lazy\" src=\"https:\/\/www.youtube.com\/embed\/Rf25WxWmQ7c\" width=\"560\" height=\"315\" frameborder=\"0\" allowfullscreen=\"allowfullscreen\"><\/iframe><\/p>\n<p>&nbsp;<\/p>\n","protected":false},"excerpt":{"rendered":"Le Proph\u00e8te (P) a b\u00e9ni le Y\u00e9men et la Syrie en m\u00eame tant qu\u2019il maudit le Najd berceau du fl\u00e9au salafiste et lieu de naissance de la maudite famille Al-Saoud.","protected":false},"author":2,"featured_media":0,"comment_status":"closed","ping_status":"open","sticky":false,"template":"","format":"standard","meta":[],"categories":[49],"tags":[],"_links":{"self":[{"href":"https:\/\/www.lejournalduforkane.com\/index.php\/wp-json\/wp\/v2\/posts\/15898"}],"collection":[{"href":"https:\/\/www.lejournalduforkane.com\/index.php\/wp-json\/wp\/v2\/posts"}],"about":[{"href":"https:\/\/www.lejournalduforkane.com\/index.php\/wp-json\/wp\/v2\/types\/post"}],"author":[{"embeddable":true,"href":"https:\/\/www.lejournalduforkane.com\/index.php\/wp-json\/wp\/v2\/users\/2"}],"replies":[{"embeddable":true,"href":"https:\/\/www.lejournalduforkane.com\/index.php\/wp-json\/wp\/v2\/comments?post=15898"}],"version-history":[{"count":1,"href":"https:\/\/www.lejournalduforkane.com\/index.php\/wp-json\/wp\/v2\/posts\/15898\/revisions"}],"predecessor-version":[{"id":15900,"href":"https:\/\/www.lejournalduforkane.com\/index.php\/wp-json\/wp\/v2\/posts\/15898\/revisions\/15900"}],"wp:attachment":[{"href":"https:\/\/www.lejournalduforkane.com\/index.php\/wp-json\/wp\/v2\/media?parent=15898"}],"wp:term":[{"taxonomy":"category","embeddable":true,"href":"https:\/\/www.lejournalduforkane.com\/index.php\/wp-json\/wp\/v2\/categories?post=15898"},{"taxonomy":"post_tag","embeddable":true,"href":"https:\/\/www.lejournalduforkane.com\/index.php\/wp-json\/wp\/v2\/tags?post=15898"}],"curies":[{"name":"wp","href":"https:\/\/api.w.org\/{rel}","templated":true}]}}