
{"id":15901,"date":"2017-03-24T19:26:14","date_gmt":"2017-03-24T19:26:14","guid":{"rendered":"https:\/\/www.lejournalduforkane.com\/?p=15901"},"modified":"2017-03-24T19:26:14","modified_gmt":"2017-03-24T19:26:14","slug":"video-le-mausolee-du-prophete-younous-p-a-mossoul-detruit-par-daech","status":"publish","type":"post","link":"https:\/\/www.lejournalduforkane.com\/index.php\/video-le-mausolee-du-prophete-younous-p-a-mossoul-detruit-par-daech\/","title":{"rendered":"[Vid\u00e9o] | Le mausol\u00e9e du Proph\u00e8te Younous (P) \u00e0 Mossoul d\u00e9truit par Daech&#8230;"},"content":{"rendered":"<p style=\"text-align: justify;\"><!--more--><\/p>\n<p style=\"text-align: justify;\"><span class=\"_5yl5\">Jusqu&rsquo;\u00e0 maintenant encore les snipers de Daesh tirent depuis de l&rsquo;autre cot\u00e9 du fleuve !!! <\/span><\/p>\n<p style=\"text-align: justify;\"><span class=\"_5yl5\">C\u2019est une habitude chez les salafistes wahhabites de Daesh de d\u00e9truire tous les mausol\u00e9es, lieux saints et tombeaux des Musulmans et des Chr\u00e9tiens des villes et r\u00e9gions qu\u2019ils dominent. <\/span><\/p>\n<p style=\"text-align: justify;\"><strong><span class=\"_5yl5\">CES TERRORISTES SALAFISTES WAHHABITES NE SONT DONC PAS MUSULMANS. S\u2019 ILS L\u2019\u00c9TAIENT, ILS NE D\u00c9TRUIRAIENT PAS LES VESTIGES DE L\u2019ISLAM. ILS NE SERVENT QUE LES INT\u00c9R\u00caTS DE LEURS MA\u00ceTRES SIONISTES QUI CHERCHENT A OCCUPER ET A ESCLAVAGISER LES MUSULMANS. <\/span><\/strong><\/p>\n<p style=\"text-align: justify;\"><strong><span class=\"_5yl5\">L\u2019HEURE EST PROCHE, DONC LE FORKANE EST PROCHE<\/span><\/strong><\/p>\n<p><iframe loading=\"lazy\" src=\"https:\/\/www.youtube.com\/embed\/jELLFRmJ-PY\" width=\"560\" height=\"315\" frameborder=\"0\" allowfullscreen=\"allowfullscreen\"><\/iframe><\/p>\n","protected":false},"excerpt":{"rendered":"Jusqu'\u00e0 maintenant encore les snipers de Daesh tirent depuis de l'autre cot\u00e9 du fleuve !!! C\u2019est une habitude chez les salafistes wahhabites de Daesh de d\u00e9truire tous les mausol\u00e9es, lieux","protected":false},"author":2,"featured_media":0,"comment_status":"closed","ping_status":"open","sticky":false,"template":"","format":"standard","meta":[],"categories":[49],"tags":[],"_links":{"self":[{"href":"https:\/\/www.lejournalduforkane.com\/index.php\/wp-json\/wp\/v2\/posts\/15901"}],"collection":[{"href":"https:\/\/www.lejournalduforkane.com\/index.php\/wp-json\/wp\/v2\/posts"}],"about":[{"href":"https:\/\/www.lejournalduforkane.com\/index.php\/wp-json\/wp\/v2\/types\/post"}],"author":[{"embeddable":true,"href":"https:\/\/www.lejournalduforkane.com\/index.php\/wp-json\/wp\/v2\/users\/2"}],"replies":[{"embeddable":true,"href":"https:\/\/www.lejournalduforkane.com\/index.php\/wp-json\/wp\/v2\/comments?post=15901"}],"version-history":[{"count":1,"href":"https:\/\/www.lejournalduforkane.com\/index.php\/wp-json\/wp\/v2\/posts\/15901\/revisions"}],"predecessor-version":[{"id":15903,"href":"https:\/\/www.lejournalduforkane.com\/index.php\/wp-json\/wp\/v2\/posts\/15901\/revisions\/15903"}],"wp:attachment":[{"href":"https:\/\/www.lejournalduforkane.com\/index.php\/wp-json\/wp\/v2\/media?parent=15901"}],"wp:term":[{"taxonomy":"category","embeddable":true,"href":"https:\/\/www.lejournalduforkane.com\/index.php\/wp-json\/wp\/v2\/categories?post=15901"},{"taxonomy":"post_tag","embeddable":true,"href":"https:\/\/www.lejournalduforkane.com\/index.php\/wp-json\/wp\/v2\/tags?post=15901"}],"curies":[{"name":"wp","href":"https:\/\/api.w.org\/{rel}","templated":true}]}}