
{"id":15905,"date":"2017-03-24T19:57:49","date_gmt":"2017-03-24T19:57:49","guid":{"rendered":"https:\/\/www.lejournalduforkane.com\/?p=15905"},"modified":"2017-03-24T19:58:26","modified_gmt":"2017-03-24T19:58:26","slug":"video-la-tragedie-humanitaire-au-yemen-2-ans-apres-le-debut-de-lagression-arabo-sioniste","status":"publish","type":"post","link":"https:\/\/www.lejournalduforkane.com\/index.php\/video-la-tragedie-humanitaire-au-yemen-2-ans-apres-le-debut-de-lagression-arabo-sioniste\/","title":{"rendered":"[vid\u00e9o] | La trag\u00e9die humanitaire au Y\u00e9men, 2 ans apr\u00e8s le d\u00e9but de l&rsquo;agression arabo-sioniste !"},"content":{"rendered":"<p><!--more--><br \/>\n<iframe loading=\"lazy\" src=\"https:\/\/www.youtube.com\/embed\/1Dcz_Ymj-PE\" width=\"560\" height=\"315\" frameborder=\"0\" allowfullscreen=\"allowfullscreen\"><\/iframe><\/p>\n","protected":false},"excerpt":{"rendered":"","protected":false},"author":2,"featured_media":0,"comment_status":"closed","ping_status":"open","sticky":false,"template":"","format":"standard","meta":[],"categories":[49],"tags":[],"_links":{"self":[{"href":"https:\/\/www.lejournalduforkane.com\/index.php\/wp-json\/wp\/v2\/posts\/15905"}],"collection":[{"href":"https:\/\/www.lejournalduforkane.com\/index.php\/wp-json\/wp\/v2\/posts"}],"about":[{"href":"https:\/\/www.lejournalduforkane.com\/index.php\/wp-json\/wp\/v2\/types\/post"}],"author":[{"embeddable":true,"href":"https:\/\/www.lejournalduforkane.com\/index.php\/wp-json\/wp\/v2\/users\/2"}],"replies":[{"embeddable":true,"href":"https:\/\/www.lejournalduforkane.com\/index.php\/wp-json\/wp\/v2\/comments?post=15905"}],"version-history":[{"count":2,"href":"https:\/\/www.lejournalduforkane.com\/index.php\/wp-json\/wp\/v2\/posts\/15905\/revisions"}],"predecessor-version":[{"id":15908,"href":"https:\/\/www.lejournalduforkane.com\/index.php\/wp-json\/wp\/v2\/posts\/15905\/revisions\/15908"}],"wp:attachment":[{"href":"https:\/\/www.lejournalduforkane.com\/index.php\/wp-json\/wp\/v2\/media?parent=15905"}],"wp:term":[{"taxonomy":"category","embeddable":true,"href":"https:\/\/www.lejournalduforkane.com\/index.php\/wp-json\/wp\/v2\/categories?post=15905"},{"taxonomy":"post_tag","embeddable":true,"href":"https:\/\/www.lejournalduforkane.com\/index.php\/wp-json\/wp\/v2\/tags?post=15905"}],"curies":[{"name":"wp","href":"https:\/\/api.w.org\/{rel}","templated":true}]}}