
{"id":15923,"date":"2017-03-26T17:43:41","date_gmt":"2017-03-26T17:43:41","guid":{"rendered":"https:\/\/www.lejournalduforkane.com\/?p=15923"},"modified":"2017-03-26T17:43:41","modified_gmt":"2017-03-26T17:43:41","slug":"attention-images-choquantes-des-bebes-yemenites-avec-des-maladies-rares-causees-par-le-regime-saoudien-qui-bombarde-sans-cesse-le-yemen-avec-des-armes-interdites","status":"publish","type":"post","link":"https:\/\/www.lejournalduforkane.com\/index.php\/attention-images-choquantes-des-bebes-yemenites-avec-des-maladies-rares-causees-par-le-regime-saoudien-qui-bombarde-sans-cesse-le-yemen-avec-des-armes-interdites\/","title":{"rendered":"ATTENTION IMAGES CHOQUANTES !!! Des b\u00e9b\u00e9s y\u00e9m\u00e9nites avec des maladies rares caus\u00e9es par le r\u00e9gime saoudien qui bombarde sans cesse le Y\u00e9men avec des armes interdites !!!"},"content":{"rendered":"<p><!--more--><\/p>\n<div id=\"js_2wg\" class=\"_5pbx userContent\" data-ft=\"{&quot;tn&quot;:&quot;K&quot;}\">\n<p>S&rsquo;il vous pla\u00eet partagez&#8230;<br \/>\n<iframe loading=\"lazy\" src=\"https:\/\/www.youtube.com\/embed\/_KZ6WdhPqKE\" width=\"560\" height=\"315\" frameborder=\"0\" allowfullscreen=\"allowfullscreen\"><\/iframe><\/p>\n<\/div>\n","protected":false},"excerpt":{"rendered":"S'il vous pla\u00eet partagez...","protected":false},"author":2,"featured_media":0,"comment_status":"closed","ping_status":"open","sticky":false,"template":"","format":"standard","meta":[],"categories":[49],"tags":[],"_links":{"self":[{"href":"https:\/\/www.lejournalduforkane.com\/index.php\/wp-json\/wp\/v2\/posts\/15923"}],"collection":[{"href":"https:\/\/www.lejournalduforkane.com\/index.php\/wp-json\/wp\/v2\/posts"}],"about":[{"href":"https:\/\/www.lejournalduforkane.com\/index.php\/wp-json\/wp\/v2\/types\/post"}],"author":[{"embeddable":true,"href":"https:\/\/www.lejournalduforkane.com\/index.php\/wp-json\/wp\/v2\/users\/2"}],"replies":[{"embeddable":true,"href":"https:\/\/www.lejournalduforkane.com\/index.php\/wp-json\/wp\/v2\/comments?post=15923"}],"version-history":[{"count":1,"href":"https:\/\/www.lejournalduforkane.com\/index.php\/wp-json\/wp\/v2\/posts\/15923\/revisions"}],"predecessor-version":[{"id":15925,"href":"https:\/\/www.lejournalduforkane.com\/index.php\/wp-json\/wp\/v2\/posts\/15923\/revisions\/15925"}],"wp:attachment":[{"href":"https:\/\/www.lejournalduforkane.com\/index.php\/wp-json\/wp\/v2\/media?parent=15923"}],"wp:term":[{"taxonomy":"category","embeddable":true,"href":"https:\/\/www.lejournalduforkane.com\/index.php\/wp-json\/wp\/v2\/categories?post=15923"},{"taxonomy":"post_tag","embeddable":true,"href":"https:\/\/www.lejournalduforkane.com\/index.php\/wp-json\/wp\/v2\/tags?post=15923"}],"curies":[{"name":"wp","href":"https:\/\/api.w.org\/{rel}","templated":true}]}}