
{"id":15932,"date":"2017-03-28T18:32:36","date_gmt":"2017-03-28T18:32:36","guid":{"rendered":"https:\/\/www.lejournalduforkane.com\/?p=15932"},"modified":"2019-01-21T19:58:54","modified_gmt":"2019-01-21T19:58:54","slug":"algerie-dans-la-ligne-de-mire-de-la-france-1","status":"publish","type":"post","link":"https:\/\/www.lejournalduforkane.com\/index.php\/algerie-dans-la-ligne-de-mire-de-la-france-1\/","title":{"rendered":"L\u2019Alg\u00e9rie dans la ligne de mire de la France (1)"},"content":{"rendered":"<p style=\"text-align: justify;\"><!--more--><\/p>\n<p style=\"text-align: justify;\">Les services fran\u00e7ais et les services alg\u00e9riens s\u2019activent pour d\u00e9truire le pays car le temps est venu. Il suffit de juger comment la presse occidentale et nationale ont trait\u00e9 la maladie de Bouteflika.<\/p>\n<p style=\"text-align: justify;\">Depuis son acc\u00e8s au pouvoir tout un dispositif a \u00e9t\u00e9 mis en \u0153uvre\u00a0: les kabyles n\u2019ont jamais \u00e9t\u00e9 aussi important dans la politique et les m\u00e9dias\u00a0; les marocains et les alg\u00e9riens amazighs se sont d\u00e9j\u00e0 r\u00e9unis en un Congr\u00e8s pour unir les territoires amazighs des 2 pays mais comme tout arabe ils n\u2019arrivent jamais \u00e0 se comprendre. Les salafistes wahhabites takfiristes contr\u00f4lent officiellement 30% des mosqu\u00e9es d\u2019Alger\u00a0; les djihadistes sont aussi aux fronti\u00e8res comme l\u2019a montr\u00e9 le Mali et \u2018A\u00efn-Am\u00e9nas\u00a0; le probl\u00e8me libyen n\u2019est pas loin.<\/p>\n<p style=\"text-align: justify;\">Il y a aussi le Maroc qui est pouss\u00e9 \u00e0 la guerre contre l\u2019Alg\u00e9rie\u00a0: les 2 pays s\u2019arment le premier aux USA, le second en Russie \u00e0 cause du probl\u00e8me du Sahara occidental. La presse commence par mentir\u00a0: les soldats alg\u00e9riens tirent sur 2 civils marocains, et des marocains tirent des cailloux \u00e0 quoi r\u00e9pondent les tirs de sommation.<\/p>\n<p style=\"text-align: justify;\">La France veut collaborer avec Alger pour attirer l\u2019attention et la sympathie des cercles du pouvoir comme des g\u00e9n\u00e9raux de l\u2019arm\u00e9e. On se souvient de l\u2019absence de l\u2019arm\u00e9e pendant les massacres du \u00ab\u00a0GIA\u00a0\u00bb (groupe islamique arm\u00e9) dans les ann\u00e9es 90. L\u2019assassinat d\u2019un fran\u00e7ais en Kabylie vise \u00e0 saboter une r\u00e9conciliation franco-alg\u00e9rienne. La presse insiste sur la faiblesse du pouvoir.<\/p>\n","protected":false},"excerpt":{"rendered":"Les services fran\u00e7ais et les services alg\u00e9riens s\u2019activent pour d\u00e9truire le pays car le temps est venu. Il suffit de juger comment la presse occidentale et nationale ont trait\u00e9 la","protected":false},"author":2,"featured_media":10246,"comment_status":"closed","ping_status":"open","sticky":false,"template":"","format":"standard","meta":[],"categories":[],"tags":[],"_links":{"self":[{"href":"https:\/\/www.lejournalduforkane.com\/index.php\/wp-json\/wp\/v2\/posts\/15932"}],"collection":[{"href":"https:\/\/www.lejournalduforkane.com\/index.php\/wp-json\/wp\/v2\/posts"}],"about":[{"href":"https:\/\/www.lejournalduforkane.com\/index.php\/wp-json\/wp\/v2\/types\/post"}],"author":[{"embeddable":true,"href":"https:\/\/www.lejournalduforkane.com\/index.php\/wp-json\/wp\/v2\/users\/2"}],"replies":[{"embeddable":true,"href":"https:\/\/www.lejournalduforkane.com\/index.php\/wp-json\/wp\/v2\/comments?post=15932"}],"version-history":[{"count":2,"href":"https:\/\/www.lejournalduforkane.com\/index.php\/wp-json\/wp\/v2\/posts\/15932\/revisions"}],"predecessor-version":[{"id":15934,"href":"https:\/\/www.lejournalduforkane.com\/index.php\/wp-json\/wp\/v2\/posts\/15932\/revisions\/15934"}],"wp:featuredmedia":[{"embeddable":true,"href":"https:\/\/www.lejournalduforkane.com\/index.php\/wp-json\/wp\/v2\/media\/10246"}],"wp:attachment":[{"href":"https:\/\/www.lejournalduforkane.com\/index.php\/wp-json\/wp\/v2\/media?parent=15932"}],"wp:term":[{"taxonomy":"category","embeddable":true,"href":"https:\/\/www.lejournalduforkane.com\/index.php\/wp-json\/wp\/v2\/categories?post=15932"},{"taxonomy":"post_tag","embeddable":true,"href":"https:\/\/www.lejournalduforkane.com\/index.php\/wp-json\/wp\/v2\/tags?post=15932"}],"curies":[{"name":"wp","href":"https:\/\/api.w.org\/{rel}","templated":true}]}}