
{"id":15941,"date":"2017-03-29T18:21:41","date_gmt":"2017-03-29T18:21:41","guid":{"rendered":"https:\/\/www.lejournalduforkane.com\/?p=15941"},"modified":"2017-03-29T18:21:41","modified_gmt":"2017-03-29T18:21:41","slug":"daesh-detruit-la-station-de-limam-hussein-as-et-de-son-frere-abou-el-fadl-el-abbas-as-pres-de-bartalla-anaynawa-irak","status":"publish","type":"post","link":"https:\/\/www.lejournalduforkane.com\/index.php\/daesh-detruit-la-station-de-limam-hussein-as-et-de-son-frere-abou-el-fadl-el-abbas-as-pres-de-bartalla-anaynawa-irak\/","title":{"rendered":"Daesh d\u00e9truit la station de l&rsquo;Imam Hussein (AS) et de son fr\u00e8re Abou el-Fadl el-Abbas (AS), pr\u00e8s de Bartalla \u00e0#Naynawa (Irak)"},"content":{"rendered":"<p><!--more--><\/p>\n<div id=\"js_21\" class=\"_5pbx userContent\" data-ft=\"{&quot;tn&quot;:&quot;K&quot;}\">\n<p style=\"text-align: justify;\">INCROYABLE MAIS VRAI : Daesh d\u00e9truit la station de l&rsquo;Imam Hussein (AS) et de son fr\u00e8re Abou el-Fadl el-Abbas (AS), pr\u00e8s de Bartalla \u00e0#Naynawa (Irak)<\/p>\n<p style=\"text-align: justify;\">CES TERRORISTES SALAFISTES WAHHABITES NE SONT DONC PAS MUSULMANS. S\u2019 ILS L\u2019\u00c9TAIENT ILS NE D\u00c9TRUIRAIENT PAS LES VESTIGES DE L\u2019ISLAM. ILS NE SERVENT QUE LES INT\u00c9R\u00caTS DE LEURS MA\u00ceTRES SIONISTES QUI CHERCHENT OCCUPER ET A ESCLAVAGISER LES MUSULMANS<\/p>\n<div style=\"position: relative; height: 0; padding-bottom: 56.25%;\"><iframe loading=\"lazy\" style=\"position: absolute; width: 100%; height: 100%; left: 0;\" src=\"https:\/\/www.youtube.com\/embed\/5cAnqq9Wknk?ecver=2\" width=\"640\" height=\"360\" frameborder=\"0\" allowfullscreen=\"allowfullscreen\"><\/iframe><\/div>\n<\/div>\n","protected":false},"excerpt":{"rendered":"INCROYABLE MAIS VRAI : Daesh d\u00e9truit la station de l'Imam Hussein (AS) et de son fr\u00e8re Abou el-Fadl el-Abbas (AS), pr\u00e8s de Bartalla \u00e0#Naynawa (Irak) CES TERRORISTES SALAFISTES WAHHABITES NE","protected":false},"author":2,"featured_media":0,"comment_status":"closed","ping_status":"open","sticky":false,"template":"","format":"standard","meta":[],"categories":[49],"tags":[],"_links":{"self":[{"href":"https:\/\/www.lejournalduforkane.com\/index.php\/wp-json\/wp\/v2\/posts\/15941"}],"collection":[{"href":"https:\/\/www.lejournalduforkane.com\/index.php\/wp-json\/wp\/v2\/posts"}],"about":[{"href":"https:\/\/www.lejournalduforkane.com\/index.php\/wp-json\/wp\/v2\/types\/post"}],"author":[{"embeddable":true,"href":"https:\/\/www.lejournalduforkane.com\/index.php\/wp-json\/wp\/v2\/users\/2"}],"replies":[{"embeddable":true,"href":"https:\/\/www.lejournalduforkane.com\/index.php\/wp-json\/wp\/v2\/comments?post=15941"}],"version-history":[{"count":1,"href":"https:\/\/www.lejournalduforkane.com\/index.php\/wp-json\/wp\/v2\/posts\/15941\/revisions"}],"predecessor-version":[{"id":15943,"href":"https:\/\/www.lejournalduforkane.com\/index.php\/wp-json\/wp\/v2\/posts\/15941\/revisions\/15943"}],"wp:attachment":[{"href":"https:\/\/www.lejournalduforkane.com\/index.php\/wp-json\/wp\/v2\/media?parent=15941"}],"wp:term":[{"taxonomy":"category","embeddable":true,"href":"https:\/\/www.lejournalduforkane.com\/index.php\/wp-json\/wp\/v2\/categories?post=15941"},{"taxonomy":"post_tag","embeddable":true,"href":"https:\/\/www.lejournalduforkane.com\/index.php\/wp-json\/wp\/v2\/tags?post=15941"}],"curies":[{"name":"wp","href":"https:\/\/api.w.org\/{rel}","templated":true}]}}