
{"id":15956,"date":"2017-03-31T18:31:28","date_gmt":"2017-03-31T18:31:28","guid":{"rendered":"https:\/\/www.lejournalduforkane.com\/?p=15956"},"modified":"2019-01-21T19:58:28","modified_gmt":"2019-01-21T19:58:28","slug":"algerie-dans-la-ligne-de-mire-de-la-france-2","status":"publish","type":"post","link":"https:\/\/www.lejournalduforkane.com\/index.php\/algerie-dans-la-ligne-de-mire-de-la-france-2\/","title":{"rendered":"L\u2019Alg\u00e9rie dans la ligne de mire de la France (2)"},"content":{"rendered":"<p style=\"text-align: justify;\"><!--more-->Malgr\u00e9 le nombre de gesticulation autour des fronti\u00e8res, le probl\u00e8me le plus dangereux reste le Maroc. En cas de guerre, toutes ses tentatives d\u2019encerclement feront sombrer dans l\u2019oc\u00e9an, l\u2019Alg\u00e9rie qui s\u2019effondrera comme un ch\u00e2teau de carte.<\/p>\n<p style=\"text-align: justify;\">Il y a d\u2019abord le Mali et \u2018A\u00efn-Amenas\u00a0; le Niger accepte une base US, le front sud de la Libye avec la fronti\u00e8re alg\u00e9rienne\u00a0; la demande des Africains pour le d\u00e9ploiement d\u2019une force militaire occidentale en Libye. Dans ces pays les puissances sont d\u00e9j\u00e0 intervenus et y ont laiss\u00e9 le chaos.<\/p>\n<p style=\"text-align: justify;\">On a tent\u00e9 en vain de faire passer la chute d\u2019avions\u00a0 \u00ab\u00a0Air Alg\u00e9rie\u00a0\u00bb (dans le d\u00e9sert alg\u00e9rien et au Mali) pour des actes terroristes\u00a0: l\u2019Alg\u00e9rie serait attaqu\u00e9e donc d\u00e9stabilis\u00e9e et devrait faire appel \u00e0 l\u2019aide de la France qui a multipli\u00e9 les gestes de bonne coop\u00e9ration et d\u00e9veloppement.<\/p>\n<p style=\"text-align: justify;\">En Alg\u00e9rie, ce n\u2019est pas Daesh mais un groupe terroriste obscure appel\u00e9 les \u00ab\u00a0soldats du califat\u00a0\u00bb. Aux policiers qui manifestent dans plusieurs grandes villes succ\u00e8de les violences dans le sud \u00e0 Ghardaya. M\u00eame dans le football o\u00f9 l\u2019Alg\u00e9rie acc\u00e8de aux 1\/8<sup>\u00e8me<\/sup> de finale, les m\u00e9dias surtout fran\u00e7ais m\u00e8nent une campagne contre les pr\u00e9tendus \u00ab\u00a0troubles\u00a0\u00bb des supporteurs et les drapeaux ostentatoires pour perturber l\u2019\u00e9quipe de football en cas d\u2019acc\u00e8s au \u00bc de finale.<\/p>\n<p style=\"text-align: justify;\"><strong>La France n\u2019en a pas fini avec l\u2019Alg\u00e9rie. Elle avance avec un gant de velours pour mieux frapper sa proie.<\/strong><\/p>\n","protected":false},"excerpt":{"rendered":"Malgr\u00e9 le nombre de gesticulation autour des fronti\u00e8res, le probl\u00e8me le plus dangereux reste le Maroc. En cas de guerre, toutes ses tentatives d\u2019encerclement feront sombrer dans l\u2019oc\u00e9an, l\u2019Alg\u00e9rie qui","protected":false},"author":2,"featured_media":15959,"comment_status":"closed","ping_status":"open","sticky":false,"template":"","format":"standard","meta":[],"categories":[],"tags":[],"_links":{"self":[{"href":"https:\/\/www.lejournalduforkane.com\/index.php\/wp-json\/wp\/v2\/posts\/15956"}],"collection":[{"href":"https:\/\/www.lejournalduforkane.com\/index.php\/wp-json\/wp\/v2\/posts"}],"about":[{"href":"https:\/\/www.lejournalduforkane.com\/index.php\/wp-json\/wp\/v2\/types\/post"}],"author":[{"embeddable":true,"href":"https:\/\/www.lejournalduforkane.com\/index.php\/wp-json\/wp\/v2\/users\/2"}],"replies":[{"embeddable":true,"href":"https:\/\/www.lejournalduforkane.com\/index.php\/wp-json\/wp\/v2\/comments?post=15956"}],"version-history":[{"count":1,"href":"https:\/\/www.lejournalduforkane.com\/index.php\/wp-json\/wp\/v2\/posts\/15956\/revisions"}],"predecessor-version":[{"id":15960,"href":"https:\/\/www.lejournalduforkane.com\/index.php\/wp-json\/wp\/v2\/posts\/15956\/revisions\/15960"}],"wp:featuredmedia":[{"embeddable":true,"href":"https:\/\/www.lejournalduforkane.com\/index.php\/wp-json\/wp\/v2\/media\/15959"}],"wp:attachment":[{"href":"https:\/\/www.lejournalduforkane.com\/index.php\/wp-json\/wp\/v2\/media?parent=15956"}],"wp:term":[{"taxonomy":"category","embeddable":true,"href":"https:\/\/www.lejournalduforkane.com\/index.php\/wp-json\/wp\/v2\/categories?post=15956"},{"taxonomy":"post_tag","embeddable":true,"href":"https:\/\/www.lejournalduforkane.com\/index.php\/wp-json\/wp\/v2\/tags?post=15956"}],"curies":[{"name":"wp","href":"https:\/\/api.w.org\/{rel}","templated":true}]}}