
{"id":15957,"date":"2017-03-31T18:31:45","date_gmt":"2017-03-31T18:31:45","guid":{"rendered":"https:\/\/www.lejournalduforkane.com\/?p=15957"},"modified":"2017-03-31T18:31:45","modified_gmt":"2017-03-31T18:31:45","slug":"un-musulman-attaque-la-famille-maudite-des-al-saoud-dans-la-mosquee-du-prophete-p-a-medine","status":"publish","type":"post","link":"https:\/\/www.lejournalduforkane.com\/index.php\/un-musulman-attaque-la-famille-maudite-des-al-saoud-dans-la-mosquee-du-prophete-p-a-medine\/","title":{"rendered":"Un Musulman attaque la famille maudite des Al-Saoud dans la mosqu\u00e9e du Proph\u00e8te (P) \u00e0 M\u00e9dine."},"content":{"rendered":"<p><!--more--><br \/>\n<iframe loading=\"lazy\" src=\"https:\/\/www.youtube.com\/embed\/CncvIuwK34U\" width=\"560\" height=\"315\" frameborder=\"0\" allowfullscreen=\"allowfullscreen\"><\/iframe><\/p>\n","protected":false},"excerpt":{"rendered":"","protected":false},"author":2,"featured_media":0,"comment_status":"closed","ping_status":"open","sticky":false,"template":"","format":"standard","meta":[],"categories":[49],"tags":[],"_links":{"self":[{"href":"https:\/\/www.lejournalduforkane.com\/index.php\/wp-json\/wp\/v2\/posts\/15957"}],"collection":[{"href":"https:\/\/www.lejournalduforkane.com\/index.php\/wp-json\/wp\/v2\/posts"}],"about":[{"href":"https:\/\/www.lejournalduforkane.com\/index.php\/wp-json\/wp\/v2\/types\/post"}],"author":[{"embeddable":true,"href":"https:\/\/www.lejournalduforkane.com\/index.php\/wp-json\/wp\/v2\/users\/2"}],"replies":[{"embeddable":true,"href":"https:\/\/www.lejournalduforkane.com\/index.php\/wp-json\/wp\/v2\/comments?post=15957"}],"version-history":[{"count":1,"href":"https:\/\/www.lejournalduforkane.com\/index.php\/wp-json\/wp\/v2\/posts\/15957\/revisions"}],"predecessor-version":[{"id":15961,"href":"https:\/\/www.lejournalduforkane.com\/index.php\/wp-json\/wp\/v2\/posts\/15957\/revisions\/15961"}],"wp:attachment":[{"href":"https:\/\/www.lejournalduforkane.com\/index.php\/wp-json\/wp\/v2\/media?parent=15957"}],"wp:term":[{"taxonomy":"category","embeddable":true,"href":"https:\/\/www.lejournalduforkane.com\/index.php\/wp-json\/wp\/v2\/categories?post=15957"},{"taxonomy":"post_tag","embeddable":true,"href":"https:\/\/www.lejournalduforkane.com\/index.php\/wp-json\/wp\/v2\/tags?post=15957"}],"curies":[{"name":"wp","href":"https:\/\/api.w.org\/{rel}","templated":true}]}}