
{"id":15968,"date":"2017-04-02T18:50:16","date_gmt":"2017-04-02T18:50:16","guid":{"rendered":"https:\/\/www.lejournalduforkane.com\/?p=15968"},"modified":"2017-04-02T18:50:16","modified_gmt":"2017-04-02T18:50:16","slug":"video-les-etudiants-de-liep-de-rennes-se-sont-mobilises-le-30-mars-2017-pour-soutenir-la-palestine","status":"publish","type":"post","link":"https:\/\/www.lejournalduforkane.com\/index.php\/video-les-etudiants-de-liep-de-rennes-se-sont-mobilises-le-30-mars-2017-pour-soutenir-la-palestine\/","title":{"rendered":"[Vid\u00e9o] | Les \u00e9tudiants de l&rsquo;IEP de Rennes se sont mobilis\u00e9s le 30 mars 2017 pour soutenir la Palestine"},"content":{"rendered":"<p><!--more--><\/p>\n<p style=\"text-align: justify;\">[Vid\u00e9o] | Les \u00e9tudiants de l&rsquo;IEP de Rennes se sont mobilis\u00e9s le 30 mars 2017 pour soutenir la Palestine et affirmer leur refus de voir s&rsquo;exprimer Aliza Bin Noun, ambassadrice d&rsquo;Isra\u00ebl et repr\u00e9sentante du gouvernement sioniste.<\/p>\n<p style=\"text-align: justify;\">5 minutes de prise de parole ininterrompue contre la colonisation et l&rsquo;apartheid en Palestine, face \u00e0 l&rsquo;ambassadrice d&rsquo;Isra\u00ebl.<\/p>\n<p style=\"text-align: justify;\">NOUS SOMMES DE TOUT C\u0152UR AVEC LES PALESTINIENS QUI MALGR\u00c9 LEUR SOUFFRANCE CONTINUENT DE LUTTER.<\/p>\n<div class=\"text_exposed_show\">\n<p style=\"text-align: justify;\">Grand Respect pour ces \u00e9tudiants !!!<\/p>\n<p style=\"text-align: justify;\">PARTAGER DIFFUSER UN MAXIMUM<\/p>\n<div style=\"position: relative; height: 0; padding-bottom: 56.25%;\"><iframe loading=\"lazy\" style=\"position: absolute; width: 100%; height: 100%; left: 0;\" src=\"https:\/\/www.youtube.com\/embed\/tDXGafdmlzo?ecver=2\" width=\"640\" height=\"360\" frameborder=\"0\" allowfullscreen=\"allowfullscreen\"><\/iframe><\/div>\n<\/div>\n","protected":false},"excerpt":{"rendered":"[Vid\u00e9o] | Les \u00e9tudiants de l'IEP de Rennes se sont mobilis\u00e9s le 30 mars 2017 pour soutenir la Palestine et affirmer leur refus de voir s'exprimer Aliza Bin Noun, ambassadrice","protected":false},"author":2,"featured_media":0,"comment_status":"closed","ping_status":"open","sticky":false,"template":"","format":"standard","meta":[],"categories":[49],"tags":[],"_links":{"self":[{"href":"https:\/\/www.lejournalduforkane.com\/index.php\/wp-json\/wp\/v2\/posts\/15968"}],"collection":[{"href":"https:\/\/www.lejournalduforkane.com\/index.php\/wp-json\/wp\/v2\/posts"}],"about":[{"href":"https:\/\/www.lejournalduforkane.com\/index.php\/wp-json\/wp\/v2\/types\/post"}],"author":[{"embeddable":true,"href":"https:\/\/www.lejournalduforkane.com\/index.php\/wp-json\/wp\/v2\/users\/2"}],"replies":[{"embeddable":true,"href":"https:\/\/www.lejournalduforkane.com\/index.php\/wp-json\/wp\/v2\/comments?post=15968"}],"version-history":[{"count":1,"href":"https:\/\/www.lejournalduforkane.com\/index.php\/wp-json\/wp\/v2\/posts\/15968\/revisions"}],"predecessor-version":[{"id":15971,"href":"https:\/\/www.lejournalduforkane.com\/index.php\/wp-json\/wp\/v2\/posts\/15968\/revisions\/15971"}],"wp:attachment":[{"href":"https:\/\/www.lejournalduforkane.com\/index.php\/wp-json\/wp\/v2\/media?parent=15968"}],"wp:term":[{"taxonomy":"category","embeddable":true,"href":"https:\/\/www.lejournalduforkane.com\/index.php\/wp-json\/wp\/v2\/categories?post=15968"},{"taxonomy":"post_tag","embeddable":true,"href":"https:\/\/www.lejournalduforkane.com\/index.php\/wp-json\/wp\/v2\/tags?post=15968"}],"curies":[{"name":"wp","href":"https:\/\/api.w.org\/{rel}","templated":true}]}}