
{"id":15978,"date":"2017-04-03T18:41:43","date_gmt":"2017-04-03T18:41:43","guid":{"rendered":"https:\/\/www.lejournalduforkane.com\/?p=15978"},"modified":"2017-04-03T18:41:43","modified_gmt":"2017-04-03T18:41:43","slug":"urgent-la-video-les-premieres-images-de-lattentat-qui-a-secoue-la-russie-il-y-a-quelques-heure","status":"publish","type":"post","link":"https:\/\/www.lejournalduforkane.com\/index.php\/urgent-la-video-les-premieres-images-de-lattentat-qui-a-secoue-la-russie-il-y-a-quelques-heure\/","title":{"rendered":"URGENT.. La vid\u00e9o.. Les premi\u00e8res images de l&rsquo;attentat qui a secou\u00e9 la Russie il y a quelques heure..!"},"content":{"rendered":"<p style=\"text-align: justify;\"><!--more--><\/p>\n<p style=\"text-align: justify;\"><span id=\"cch_f8017932827d24\" class=\"_mh6 _wsc\"><span class=\"_3oh- _58nk\">\u00a014 personnes ont trouv\u00e9 la mort, et 50 ont \u00e9t\u00e9 bless\u00e9es, dans une explosion dans le m\u00e9tro de Saint Petersbourg (deuxi\u00e8me ville de Russie). <\/span><\/span><\/p>\n<p style=\"text-align: justify;\"><span id=\"cch_f8017932827d24\" class=\"_mh6 _wsc\"><span class=\"_3oh- _58nk\">Une pens\u00e9e pour les victimes, leurs familles et leurs proches<\/span><\/span><\/p>\n<p><iframe loading=\"lazy\" src=\"https:\/\/www.youtube.com\/embed\/-st9EuTCulk\" width=\"560\" height=\"315\" frameborder=\"0\" allowfullscreen=\"allowfullscreen\"><\/iframe><\/p>\n","protected":false},"excerpt":{"rendered":"\u00a014 personnes ont trouv\u00e9 la mort, et 50 ont \u00e9t\u00e9 bless\u00e9es, dans une explosion dans le m\u00e9tro de Saint Petersbourg (deuxi\u00e8me ville de Russie). Une pens\u00e9e pour les victimes, leurs","protected":false},"author":2,"featured_media":0,"comment_status":"closed","ping_status":"open","sticky":false,"template":"","format":"standard","meta":[],"categories":[49],"tags":[],"_links":{"self":[{"href":"https:\/\/www.lejournalduforkane.com\/index.php\/wp-json\/wp\/v2\/posts\/15978"}],"collection":[{"href":"https:\/\/www.lejournalduforkane.com\/index.php\/wp-json\/wp\/v2\/posts"}],"about":[{"href":"https:\/\/www.lejournalduforkane.com\/index.php\/wp-json\/wp\/v2\/types\/post"}],"author":[{"embeddable":true,"href":"https:\/\/www.lejournalduforkane.com\/index.php\/wp-json\/wp\/v2\/users\/2"}],"replies":[{"embeddable":true,"href":"https:\/\/www.lejournalduforkane.com\/index.php\/wp-json\/wp\/v2\/comments?post=15978"}],"version-history":[{"count":1,"href":"https:\/\/www.lejournalduforkane.com\/index.php\/wp-json\/wp\/v2\/posts\/15978\/revisions"}],"predecessor-version":[{"id":15980,"href":"https:\/\/www.lejournalduforkane.com\/index.php\/wp-json\/wp\/v2\/posts\/15978\/revisions\/15980"}],"wp:attachment":[{"href":"https:\/\/www.lejournalduforkane.com\/index.php\/wp-json\/wp\/v2\/media?parent=15978"}],"wp:term":[{"taxonomy":"category","embeddable":true,"href":"https:\/\/www.lejournalduforkane.com\/index.php\/wp-json\/wp\/v2\/categories?post=15978"},{"taxonomy":"post_tag","embeddable":true,"href":"https:\/\/www.lejournalduforkane.com\/index.php\/wp-json\/wp\/v2\/tags?post=15978"}],"curies":[{"name":"wp","href":"https:\/\/api.w.org\/{rel}","templated":true}]}}