
{"id":15984,"date":"2019-11-27T13:50:57","date_gmt":"2019-11-27T13:50:57","guid":{"rendered":"https:\/\/www.lejournalduforkane.com\/?p=15984"},"modified":"2019-11-27T18:35:02","modified_gmt":"2019-11-27T18:35:02","slug":"imperialisme-americain","status":"publish","type":"post","link":"https:\/\/www.lejournalduforkane.com\/index.php\/imperialisme-americain\/","title":{"rendered":"L\u2019imp\u00e9rialisme am\u00e9ricain"},"content":{"rendered":"<p style=\"text-align: justify;\"><!--more-->Les Etats-Unis, depuis la fin de la seconde guerre mondiale, ont model\u00e9 le monde \u00e0 leur image comme l\u2019Europe notamment la France et la Grande-Bretagne. Les pays sont soit conquis, <img loading=\"lazy\" class=\"size-medium wp-image-15990 alignright\" src=\"https:\/\/www.lejournalduforkane.com\/wp-content\/uploads\/2017\/04\/imp\u00e9rialisme-us1-300x150.jpg\" alt=\"imp\u00e9rialisme us1\" width=\"300\" height=\"150\" srcset=\"https:\/\/www.lejournalduforkane.com\/wp-content\/uploads\/2017\/04\/imp\u00e9rialisme-us1-300x150.jpg 300w, https:\/\/www.lejournalduforkane.com\/wp-content\/uploads\/2017\/04\/imp\u00e9rialisme-us1.jpg 318w\" sizes=\"(max-width: 300px) 100vw, 300px\" \/>soit soumis \u00e0 ce nouvel imp\u00e9rialisme. Les pays qui \u00e9chappent encore \u00e0 la main mise de cette puissance, se comptent sur les doigts de la main. En dominant l\u2019Europe occidentale, le monde lui appartient. \u00a0Mais il est \u00e9vident que vient le jour o\u00f9 cette puissance s\u2019effacera pour laisser la place \u00e0 une autre qui couvrira le monde pour r\u00e9gner sans partage. Ce nouveau royaume ne p\u00e9rira pas.<\/p>\n<p>&nbsp;<\/p>\n<p style=\"text-align: justify;\">Les sionistes ont, en les USA, les moyens d\u2019arriver \u00e0 leurs fins, achever la conqu\u00eate du monde. Au Moyen-Orient, la puissance US est permanente. Rien ne lui \u00e9chappe. L\u2019av\u00e8nement de la R\u00e9publique en Iran en 1979 pose probl\u00e8me. Pour freiner l\u2019\u00e9lan r\u00e9volutionnaire, les Etats-Unis poussent l\u2019Irak \u00e0 la guerre contre l\u2019Iran et les monarchies arabes ne l\u00e9sinent pas sur les dollars pour financer les Irakiens.<\/p>\n<p>&nbsp;<\/p>\n<p style=\"text-align: justify;\"><img loading=\"lazy\" class=\" wp-image-15985 alignleft\" src=\"https:\/\/www.lejournalduforkane.com\/wp-content\/uploads\/2017\/04\/imp\u00e9rialisme-us-300x206.jpg\" alt=\"imp\u00e9rialisme us\" width=\"236\" height=\"162\" srcset=\"https:\/\/www.lejournalduforkane.com\/wp-content\/uploads\/2017\/04\/imp\u00e9rialisme-us-300x206.jpg 300w, https:\/\/www.lejournalduforkane.com\/wp-content\/uploads\/2017\/04\/imp\u00e9rialisme-us.jpg 400w\" sizes=\"(max-width: 236px) 100vw, 236px\" \/>D\u2019un autre c\u00f4t\u00e9, l\u2019Afghanistan est envahi par les sovi\u00e9tiques. Aujourd\u2019hui, sous pr\u00e9texte du 11 septembre, l\u2019Irak et l\u2019Afghanistan, sont sous occupation et encadrent l\u2019Iran. L\u2019objectif est \u00e9galement de prot\u00e9ger Isra\u00ebl.<\/p>\n<p>&nbsp;<\/p>\n<p style=\"text-align: justify;\">En Extr\u00eame-Orient, le probl\u00e8me n\u2019est pas seulement la Cor\u00e9e du Nord mais aussi la Chine, la Cor\u00e9e du Sud et le Japon. Les Etats-Unis maintiennent leur emprise en cr\u00e9ant un \u00ab\u00a0ennemi permanent\u00a0\u00bb. De m\u00eame, au Moyen-Orient, des milliards\u00a0 de dollars sont d\u00e9pens\u00e9s par les arabes du Golfe pour se prot\u00e9ger contre \u00ab\u00a0l\u2019ennemi permanent\u00a0\u00bb.<\/p>\n<p>&nbsp;<\/p>\n<p style=\"text-align: justify;\">En Europe de l\u2019Est, les USA ont cr\u00e9e des pseudo-r\u00e9volutions \u00e0 leurs soldes. En somme, il ne reste plus que la Russie pour r\u00e9sister. Les Am\u00e9ricains, dans les pays Balte, ont install\u00e9 des missiles en direction de la Russie pour se couvrir contre toute \u00ab\u00a0toute attaque nucl\u00e9aire\u00a0\u00bb.<\/p>\n<p>&nbsp;<\/p>\n<p style=\"text-align: justify;\">Cela passe bien car l\u2019image de l\u2019Am\u00e9rique n\u2019est pas celle de la r\u00e9alit\u00e9 mais d\u2019Hollywood qui revisite l\u2019histoire et m\u00eame les conflits en cours. C\u2019est ainsi que les ennemis de l\u2019Am\u00e9rique deviennent les ennemis du monde entier. Elle peut donc agir en toute impunit\u00e9 en Am\u00e9rique latine o\u00f9 les dictatures et les d\u00e9mocraties se succ\u00e8dent. Elle favorise partout des r\u00e9gimes sanguinaires.<img loading=\"lazy\" class=\" wp-image-16011 alignright\" src=\"https:\/\/www.lejournalduforkane.com\/wp-content\/uploads\/2017\/04\/imp\u00e9rialisme-us-3-300x168.png\" alt=\"imp\u00e9rialisme us 3\" width=\"264\" height=\"148\" srcset=\"https:\/\/www.lejournalduforkane.com\/wp-content\/uploads\/2017\/04\/imp\u00e9rialisme-us-3-300x168.png 300w, https:\/\/www.lejournalduforkane.com\/wp-content\/uploads\/2017\/04\/imp\u00e9rialisme-us-3.png 600w\" sizes=\"(max-width: 264px) 100vw, 264px\" \/><\/p>\n<p>&nbsp;<\/p>\n<p style=\"text-align: justify;\">La presse est l\u2019interm\u00e9diaire entre les peuples et l\u2019Am\u00e9rique\u00a0: l\u2019extr\u00eame gauche, l\u2019islamisme, le communisme ont tous \u00e9t\u00e9 discr\u00e9dit\u00e9s. C\u2019est le fruit de la propagande \u00e0 travers les \u00e9crans de TV, cin\u00e9ma, Internet\u2026<\/p>\n<p>&nbsp;<\/p>\n<p style=\"text-align: justify;\"><strong>Les Am\u00e9ricains transforment la r\u00e9alit\u00e9 des guerres qu\u2019ils infligent en fiction. C\u2019est par le fer que le Mahdi-Sauveur r\u00e9tablira la r\u00e9alit\u00e9 abominable des crimes commis.<\/strong><\/p>\n","protected":false},"excerpt":{"rendered":"Les Etats-Unis, depuis la fin de la seconde guerre mondiale, ont model\u00e9 le monde \u00e0 leur image comme l\u2019Europe notamment la France et la Grande-Bretagne. Les pays sont soit conquis,","protected":false},"author":2,"featured_media":16012,"comment_status":"closed","ping_status":"open","sticky":false,"template":"","format":"standard","meta":[],"categories":[],"tags":[],"_links":{"self":[{"href":"https:\/\/www.lejournalduforkane.com\/index.php\/wp-json\/wp\/v2\/posts\/15984"}],"collection":[{"href":"https:\/\/www.lejournalduforkane.com\/index.php\/wp-json\/wp\/v2\/posts"}],"about":[{"href":"https:\/\/www.lejournalduforkane.com\/index.php\/wp-json\/wp\/v2\/types\/post"}],"author":[{"embeddable":true,"href":"https:\/\/www.lejournalduforkane.com\/index.php\/wp-json\/wp\/v2\/users\/2"}],"replies":[{"embeddable":true,"href":"https:\/\/www.lejournalduforkane.com\/index.php\/wp-json\/wp\/v2\/comments?post=15984"}],"version-history":[{"count":6,"href":"https:\/\/www.lejournalduforkane.com\/index.php\/wp-json\/wp\/v2\/posts\/15984\/revisions"}],"predecessor-version":[{"id":16013,"href":"https:\/\/www.lejournalduforkane.com\/index.php\/wp-json\/wp\/v2\/posts\/15984\/revisions\/16013"}],"wp:featuredmedia":[{"embeddable":true,"href":"https:\/\/www.lejournalduforkane.com\/index.php\/wp-json\/wp\/v2\/media\/16012"}],"wp:attachment":[{"href":"https:\/\/www.lejournalduforkane.com\/index.php\/wp-json\/wp\/v2\/media?parent=15984"}],"wp:term":[{"taxonomy":"category","embeddable":true,"href":"https:\/\/www.lejournalduforkane.com\/index.php\/wp-json\/wp\/v2\/categories?post=15984"},{"taxonomy":"post_tag","embeddable":true,"href":"https:\/\/www.lejournalduforkane.com\/index.php\/wp-json\/wp\/v2\/tags?post=15984"}],"curies":[{"name":"wp","href":"https:\/\/api.w.org\/{rel}","templated":true}]}}