
{"id":15995,"date":"2017-04-24T19:00:57","date_gmt":"2017-04-24T19:00:57","guid":{"rendered":"https:\/\/www.lejournalduforkane.com\/?p=15995"},"modified":"2017-04-24T19:09:03","modified_gmt":"2017-04-24T19:09:03","slug":"video-les-casques-blancs-le-masque-de-la-terreur","status":"publish","type":"post","link":"https:\/\/www.lejournalduforkane.com\/index.php\/video-les-casques-blancs-le-masque-de-la-terreur\/","title":{"rendered":"[Vid\u00e9o] | Les casques blancs : le masque de la terreur"},"content":{"rendered":"<p><!--more--><\/p>\n<div id=\"js_kv7\" class=\"_5pbx userContent\" data-ft=\"{&quot;tn&quot;:&quot;K&quot;}\">\n<p style=\"text-align: justify;\">Qui sont les Casques blancs ? Pour les m\u00e9dias, ce sont des sauveteurs voire des h\u00e9ros. Pourtant ces m\u00eames m\u00e9dias cachent les images r\u00e9v\u00e9lant leurs liens avec les terroristes salafistes d&rsquo;Al-Nosra.<\/p>\n<div style=\"position: relative; height: 0; padding-bottom: 56.25%;\"><iframe loading=\"lazy\" style=\"position: absolute; width: 100%; height: 100%; left: 0;\" src=\"https:\/\/www.youtube.com\/embed\/nQDQTcpNFO8?ecver=2\" width=\"640\" height=\"360\" frameborder=\"0\" allowfullscreen=\"allowfullscreen\"><\/iframe><\/div>\n<\/div>\n","protected":false},"excerpt":{"rendered":"Qui sont les Casques blancs ? Pour les m\u00e9dias, ce sont des sauveteurs voire des h\u00e9ros. Pourtant ces m\u00eames m\u00e9dias cachent les images r\u00e9v\u00e9lant leurs liens avec les terroristes salafistes","protected":false},"author":2,"featured_media":0,"comment_status":"closed","ping_status":"open","sticky":false,"template":"","format":"standard","meta":[],"categories":[49],"tags":[],"_links":{"self":[{"href":"https:\/\/www.lejournalduforkane.com\/index.php\/wp-json\/wp\/v2\/posts\/15995"}],"collection":[{"href":"https:\/\/www.lejournalduforkane.com\/index.php\/wp-json\/wp\/v2\/posts"}],"about":[{"href":"https:\/\/www.lejournalduforkane.com\/index.php\/wp-json\/wp\/v2\/types\/post"}],"author":[{"embeddable":true,"href":"https:\/\/www.lejournalduforkane.com\/index.php\/wp-json\/wp\/v2\/users\/2"}],"replies":[{"embeddable":true,"href":"https:\/\/www.lejournalduforkane.com\/index.php\/wp-json\/wp\/v2\/comments?post=15995"}],"version-history":[{"count":2,"href":"https:\/\/www.lejournalduforkane.com\/index.php\/wp-json\/wp\/v2\/posts\/15995\/revisions"}],"predecessor-version":[{"id":16180,"href":"https:\/\/www.lejournalduforkane.com\/index.php\/wp-json\/wp\/v2\/posts\/15995\/revisions\/16180"}],"wp:attachment":[{"href":"https:\/\/www.lejournalduforkane.com\/index.php\/wp-json\/wp\/v2\/media?parent=15995"}],"wp:term":[{"taxonomy":"category","embeddable":true,"href":"https:\/\/www.lejournalduforkane.com\/index.php\/wp-json\/wp\/v2\/categories?post=15995"},{"taxonomy":"post_tag","embeddable":true,"href":"https:\/\/www.lejournalduforkane.com\/index.php\/wp-json\/wp\/v2\/tags?post=15995"}],"curies":[{"name":"wp","href":"https:\/\/api.w.org\/{rel}","templated":true}]}}