
{"id":16014,"date":"2017-04-07T19:11:46","date_gmt":"2017-04-07T19:11:46","guid":{"rendered":"https:\/\/www.lejournalduforkane.com\/?p=16014"},"modified":"2017-04-07T19:11:46","modified_gmt":"2017-04-07T19:11:46","slug":"video-lambassadeur-de-la-bolivie-a-lonu-a-brandi-la-photo-de-colin-powell","status":"publish","type":"post","link":"https:\/\/www.lejournalduforkane.com\/index.php\/video-lambassadeur-de-la-bolivie-a-lonu-a-brandi-la-photo-de-colin-powell\/","title":{"rendered":"[Vid\u00e9o] | L&rsquo;ambassadeur de la Bolivie \u00e0 l&rsquo;ONU a brandi la photo de Colin Powell&#8230;"},"content":{"rendered":"<p><!--more--><\/p>\n<p style=\"text-align: justify;\"><span class=\"_5yl5\">[Vid\u00e9o] | L&rsquo;ambassadeur de la Bolivie \u00e0 l&rsquo;ONU a brandi la photo de Colin Powell, qui avait fait croire aux na\u00effs que Saddam Hussein avait des armes de destruction massive pour envahir et d\u00e9truire l&rsquo;Irak laissant derri\u00e8re lui plus d&rsquo;un million de morts !!!<\/span><\/p>\n<div style=\"position: relative; height: 0; padding-bottom: 56.25%;\"><iframe loading=\"lazy\" style=\"position: absolute; width: 100%; height: 100%; left: 0;\" src=\"https:\/\/www.youtube.com\/embed\/CGFw4-9yiKo?ecver=2\" width=\"640\" height=\"360\" frameborder=\"0\" allowfullscreen=\"allowfullscreen\"><\/iframe><\/div>\n","protected":false},"excerpt":{"rendered":"[Vid\u00e9o] | L'ambassadeur de la Bolivie \u00e0 l'ONU a brandi la photo de Colin Powell, qui avait fait croire aux na\u00effs que Saddam Hussein avait des armes de destruction massive","protected":false},"author":2,"featured_media":0,"comment_status":"closed","ping_status":"open","sticky":false,"template":"","format":"standard","meta":[],"categories":[49],"tags":[],"_links":{"self":[{"href":"https:\/\/www.lejournalduforkane.com\/index.php\/wp-json\/wp\/v2\/posts\/16014"}],"collection":[{"href":"https:\/\/www.lejournalduforkane.com\/index.php\/wp-json\/wp\/v2\/posts"}],"about":[{"href":"https:\/\/www.lejournalduforkane.com\/index.php\/wp-json\/wp\/v2\/types\/post"}],"author":[{"embeddable":true,"href":"https:\/\/www.lejournalduforkane.com\/index.php\/wp-json\/wp\/v2\/users\/2"}],"replies":[{"embeddable":true,"href":"https:\/\/www.lejournalduforkane.com\/index.php\/wp-json\/wp\/v2\/comments?post=16014"}],"version-history":[{"count":1,"href":"https:\/\/www.lejournalduforkane.com\/index.php\/wp-json\/wp\/v2\/posts\/16014\/revisions"}],"predecessor-version":[{"id":16016,"href":"https:\/\/www.lejournalduforkane.com\/index.php\/wp-json\/wp\/v2\/posts\/16014\/revisions\/16016"}],"wp:attachment":[{"href":"https:\/\/www.lejournalduforkane.com\/index.php\/wp-json\/wp\/v2\/media?parent=16014"}],"wp:term":[{"taxonomy":"category","embeddable":true,"href":"https:\/\/www.lejournalduforkane.com\/index.php\/wp-json\/wp\/v2\/categories?post=16014"},{"taxonomy":"post_tag","embeddable":true,"href":"https:\/\/www.lejournalduforkane.com\/index.php\/wp-json\/wp\/v2\/tags?post=16014"}],"curies":[{"name":"wp","href":"https:\/\/api.w.org\/{rel}","templated":true}]}}