
{"id":16020,"date":"2017-04-09T16:03:25","date_gmt":"2017-04-09T16:03:25","guid":{"rendered":"https:\/\/www.lejournalduforkane.com\/?p=16020"},"modified":"2017-04-09T16:03:25","modified_gmt":"2017-04-09T16:03:25","slug":"video-peter-ford-ex-ambassadeur-uk-en-syrie-assad-nest-pas-lauteur-des-attaques-chimiques","status":"publish","type":"post","link":"https:\/\/www.lejournalduforkane.com\/index.php\/video-peter-ford-ex-ambassadeur-uk-en-syrie-assad-nest-pas-lauteur-des-attaques-chimiques\/","title":{"rendered":"[Vid\u00e9o] | Peter Ford, ex-ambassadeur UK en Syrie : \u00ab\u00a0Assad n&rsquo;est pas l&rsquo;auteur des attaques chimiques\u00a0\u00bb"},"content":{"rendered":"<p><!--more--><\/p>\n<div id=\"js_1lr\" class=\"_5pbx userContent\" data-ft=\"{&quot;tn&quot;:&quot;K&quot;}\">\n<p style=\"text-align: justify;\">Peter Ford : Il faut se demander \u00e0 qui profite (le crime). Clairement, ce n\u2019est pas le r\u00e9gime syrien ou les Russes qui en b\u00e9n\u00e9ficient, et je consid\u00e8re comme hautement improbable l\u2019hypoth\u00e8se que l\u2019un ou l\u2019autre soient derri\u00e8re tout \u00e7a.<\/p>\n<div style=\"position: relative; height: 0; padding-bottom: 56.25%;\"><iframe loading=\"lazy\" style=\"position: absolute; width: 100%; height: 100%; left: 0;\" src=\"https:\/\/www.youtube.com\/embed\/iWHM1O018_o?ecver=2\" width=\"640\" height=\"360\" frameborder=\"0\" allowfullscreen=\"allowfullscreen\"><\/iframe><\/div>\n<\/div>\n","protected":false},"excerpt":{"rendered":"Peter Ford : Il faut se demander \u00e0 qui profite (le crime). Clairement, ce n\u2019est pas le r\u00e9gime syrien ou les Russes qui en b\u00e9n\u00e9ficient, et je consid\u00e8re comme hautement","protected":false},"author":2,"featured_media":0,"comment_status":"closed","ping_status":"open","sticky":false,"template":"","format":"standard","meta":[],"categories":[49],"tags":[],"_links":{"self":[{"href":"https:\/\/www.lejournalduforkane.com\/index.php\/wp-json\/wp\/v2\/posts\/16020"}],"collection":[{"href":"https:\/\/www.lejournalduforkane.com\/index.php\/wp-json\/wp\/v2\/posts"}],"about":[{"href":"https:\/\/www.lejournalduforkane.com\/index.php\/wp-json\/wp\/v2\/types\/post"}],"author":[{"embeddable":true,"href":"https:\/\/www.lejournalduforkane.com\/index.php\/wp-json\/wp\/v2\/users\/2"}],"replies":[{"embeddable":true,"href":"https:\/\/www.lejournalduforkane.com\/index.php\/wp-json\/wp\/v2\/comments?post=16020"}],"version-history":[{"count":1,"href":"https:\/\/www.lejournalduforkane.com\/index.php\/wp-json\/wp\/v2\/posts\/16020\/revisions"}],"predecessor-version":[{"id":16022,"href":"https:\/\/www.lejournalduforkane.com\/index.php\/wp-json\/wp\/v2\/posts\/16020\/revisions\/16022"}],"wp:attachment":[{"href":"https:\/\/www.lejournalduforkane.com\/index.php\/wp-json\/wp\/v2\/media?parent=16020"}],"wp:term":[{"taxonomy":"category","embeddable":true,"href":"https:\/\/www.lejournalduforkane.com\/index.php\/wp-json\/wp\/v2\/categories?post=16020"},{"taxonomy":"post_tag","embeddable":true,"href":"https:\/\/www.lejournalduforkane.com\/index.php\/wp-json\/wp\/v2\/tags?post=16020"}],"curies":[{"name":"wp","href":"https:\/\/api.w.org\/{rel}","templated":true}]}}