
{"id":16023,"date":"2017-04-09T16:09:31","date_gmt":"2017-04-09T16:09:31","guid":{"rendered":"https:\/\/www.lejournalduforkane.com\/?p=16023"},"modified":"2017-04-09T16:09:31","modified_gmt":"2017-04-09T16:09:31","slug":"video-une-organisation-de-medecins-suedois-accuse-les-casques-blancs-de-mettre-en-scene-des-attaques-chimiques","status":"publish","type":"post","link":"https:\/\/www.lejournalduforkane.com\/index.php\/video-une-organisation-de-medecins-suedois-accuse-les-casques-blancs-de-mettre-en-scene-des-attaques-chimiques\/","title":{"rendered":"[Vid\u00e9o] | Une organisation de m\u00e9decins su\u00e9dois accuse les Casques Blancs de mettre en sc\u00e8ne des attaques chimiques"},"content":{"rendered":"<p><!--more--><\/p>\n<div id=\"js_18s\" class=\"_5pbx userContent\" data-ft=\"{&quot;tn&quot;:&quot;K&quot;}\">\n<p>Cette organisation est l\u2019organisation des m\u00e9decins su\u00e9dois pour les droits de l\u2019Homme.<\/p>\n<p>PARTAGEZ en masse !!! Ne fermons plus les yeux&#8230;<br \/>\n<iframe loading=\"lazy\" src=\"https:\/\/www.youtube.com\/embed\/aC3glRlxdBo\" width=\"560\" height=\"315\" frameborder=\"0\" allowfullscreen=\"allowfullscreen\"><\/iframe><\/p>\n<\/div>\n","protected":false},"excerpt":{"rendered":"Cette organisation est l\u2019organisation des m\u00e9decins su\u00e9dois pour les droits de l\u2019Homme. PARTAGEZ en masse !!! Ne fermons plus les yeux...","protected":false},"author":2,"featured_media":0,"comment_status":"closed","ping_status":"open","sticky":false,"template":"","format":"standard","meta":[],"categories":[49],"tags":[],"_links":{"self":[{"href":"https:\/\/www.lejournalduforkane.com\/index.php\/wp-json\/wp\/v2\/posts\/16023"}],"collection":[{"href":"https:\/\/www.lejournalduforkane.com\/index.php\/wp-json\/wp\/v2\/posts"}],"about":[{"href":"https:\/\/www.lejournalduforkane.com\/index.php\/wp-json\/wp\/v2\/types\/post"}],"author":[{"embeddable":true,"href":"https:\/\/www.lejournalduforkane.com\/index.php\/wp-json\/wp\/v2\/users\/2"}],"replies":[{"embeddable":true,"href":"https:\/\/www.lejournalduforkane.com\/index.php\/wp-json\/wp\/v2\/comments?post=16023"}],"version-history":[{"count":1,"href":"https:\/\/www.lejournalduforkane.com\/index.php\/wp-json\/wp\/v2\/posts\/16023\/revisions"}],"predecessor-version":[{"id":16025,"href":"https:\/\/www.lejournalduforkane.com\/index.php\/wp-json\/wp\/v2\/posts\/16023\/revisions\/16025"}],"wp:attachment":[{"href":"https:\/\/www.lejournalduforkane.com\/index.php\/wp-json\/wp\/v2\/media?parent=16023"}],"wp:term":[{"taxonomy":"category","embeddable":true,"href":"https:\/\/www.lejournalduforkane.com\/index.php\/wp-json\/wp\/v2\/categories?post=16023"},{"taxonomy":"post_tag","embeddable":true,"href":"https:\/\/www.lejournalduforkane.com\/index.php\/wp-json\/wp\/v2\/tags?post=16023"}],"curies":[{"name":"wp","href":"https:\/\/api.w.org\/{rel}","templated":true}]}}