
{"id":16036,"date":"2017-04-09T16:16:58","date_gmt":"2017-04-09T16:16:58","guid":{"rendered":"https:\/\/www.lejournalduforkane.com\/?p=16036"},"modified":"2017-04-09T16:16:58","modified_gmt":"2017-04-09T16:16:58","slug":"les-medias-occidentaux-se-basent-ils-toujours-sur-des-sources-credibles-dans-leur-reportages-sur-la-syrie","status":"publish","type":"post","link":"https:\/\/www.lejournalduforkane.com\/index.php\/les-medias-occidentaux-se-basent-ils-toujours-sur-des-sources-credibles-dans-leur-reportages-sur-la-syrie\/","title":{"rendered":"Les m\u00e9dias occidentaux se basent-ils toujours sur des sources cr\u00e9dibles dans leur reportages sur la Syrie ?"},"content":{"rendered":"<p><!--more--><\/p>\n<div id=\"js_18i\" class=\"_5pbx userContent\" data-ft=\"{&quot;tn&quot;:&quot;K&quot;}\">\n<p>Les m\u00e9dias occidentaux se basent-ils toujours sur des sources cr\u00e9dibles dans leur reportages sur la Syrie ? La r\u00e9ponse de cette journaliste canadienne a laiss\u00e9 sans voix son interlocuteur.<\/p>\n<p>PARTAGEZ en masse !!! Ne fermons plus les yeux&#8230;<\/p>\n<div style=\"position: relative; height: 0; padding-bottom: 56.25%;\"><iframe loading=\"lazy\" style=\"position: absolute; width: 100%; height: 100%; left: 0;\" src=\"https:\/\/www.youtube.com\/embed\/0DZSPy5KkWg?ecver=2\" width=\"640\" height=\"360\" frameborder=\"0\" allowfullscreen=\"allowfullscreen\"><\/iframe><\/div>\n<\/div>\n","protected":false},"excerpt":{"rendered":"Les m\u00e9dias occidentaux se basent-ils toujours sur des sources cr\u00e9dibles dans leur reportages sur la Syrie ? La r\u00e9ponse de cette journaliste canadienne a laiss\u00e9 sans voix son interlocuteur. PARTAGEZ","protected":false},"author":2,"featured_media":0,"comment_status":"closed","ping_status":"open","sticky":false,"template":"","format":"standard","meta":[],"categories":[49],"tags":[],"_links":{"self":[{"href":"https:\/\/www.lejournalduforkane.com\/index.php\/wp-json\/wp\/v2\/posts\/16036"}],"collection":[{"href":"https:\/\/www.lejournalduforkane.com\/index.php\/wp-json\/wp\/v2\/posts"}],"about":[{"href":"https:\/\/www.lejournalduforkane.com\/index.php\/wp-json\/wp\/v2\/types\/post"}],"author":[{"embeddable":true,"href":"https:\/\/www.lejournalduforkane.com\/index.php\/wp-json\/wp\/v2\/users\/2"}],"replies":[{"embeddable":true,"href":"https:\/\/www.lejournalduforkane.com\/index.php\/wp-json\/wp\/v2\/comments?post=16036"}],"version-history":[{"count":1,"href":"https:\/\/www.lejournalduforkane.com\/index.php\/wp-json\/wp\/v2\/posts\/16036\/revisions"}],"predecessor-version":[{"id":16038,"href":"https:\/\/www.lejournalduforkane.com\/index.php\/wp-json\/wp\/v2\/posts\/16036\/revisions\/16038"}],"wp:attachment":[{"href":"https:\/\/www.lejournalduforkane.com\/index.php\/wp-json\/wp\/v2\/media?parent=16036"}],"wp:term":[{"taxonomy":"category","embeddable":true,"href":"https:\/\/www.lejournalduforkane.com\/index.php\/wp-json\/wp\/v2\/categories?post=16036"},{"taxonomy":"post_tag","embeddable":true,"href":"https:\/\/www.lejournalduforkane.com\/index.php\/wp-json\/wp\/v2\/tags?post=16036"}],"curies":[{"name":"wp","href":"https:\/\/api.w.org\/{rel}","templated":true}]}}