
{"id":16085,"date":"2017-04-16T13:45:41","date_gmt":"2017-04-16T13:45:41","guid":{"rendered":"https:\/\/www.lejournalduforkane.com\/?p=16085"},"modified":"2017-04-16T13:45:41","modified_gmt":"2017-04-16T13:45:41","slug":"video-regarde-moi-dans-les-yeux-a-lonu-le-tacle-viril-du-representant-russe-a-celui-du-royaume-uni","status":"publish","type":"post","link":"https:\/\/www.lejournalduforkane.com\/index.php\/video-regarde-moi-dans-les-yeux-a-lonu-le-tacle-viril-du-representant-russe-a-celui-du-royaume-uni\/","title":{"rendered":"[Vid\u00e9o] | \u00abRegarde moi dans les yeux ! \u00bb : \u00e0 l&rsquo;ONU, le tacle viril du repr\u00e9sentant russe \u00e0 celui du Royaume-Uni"},"content":{"rendered":"<p><!--more--><\/p>\n<div id=\"js_dy\" class=\"_5pbx userContent\" data-ft=\"{&quot;tn&quot;:&quot;K&quot;}\">\n<p style=\"text-align: justify;\">Lors d&rsquo;une s\u00e9ance tendue avant le vote sur une r\u00e9solution politique en Syrie, le repr\u00e9sentant russe au Conseil de s\u00e9curit\u00e9 de l&rsquo;ONU a invectiv\u00e9 de mani\u00e8re bien virile son homologue britannique. Le tout dans un langage pas forc\u00e9ment tr\u00e8s diplomatique.<\/p>\n<div style=\"position: relative; height: 0; padding-bottom: 56.25%;\"><iframe loading=\"lazy\" style=\"position: absolute; width: 100%; height: 100%; left: 0;\" src=\"https:\/\/www.youtube.com\/embed\/IhWUj5fcCTk?ecver=2\" width=\"640\" height=\"360\" frameborder=\"0\" allowfullscreen=\"allowfullscreen\"><\/iframe><\/div>\n<\/div>\n","protected":false},"excerpt":{"rendered":"Lors d'une s\u00e9ance tendue avant le vote sur une r\u00e9solution politique en Syrie, le repr\u00e9sentant russe au Conseil de s\u00e9curit\u00e9 de l'ONU a invectiv\u00e9 de mani\u00e8re bien virile son homologue","protected":false},"author":2,"featured_media":0,"comment_status":"closed","ping_status":"open","sticky":false,"template":"","format":"standard","meta":[],"categories":[49],"tags":[],"_links":{"self":[{"href":"https:\/\/www.lejournalduforkane.com\/index.php\/wp-json\/wp\/v2\/posts\/16085"}],"collection":[{"href":"https:\/\/www.lejournalduforkane.com\/index.php\/wp-json\/wp\/v2\/posts"}],"about":[{"href":"https:\/\/www.lejournalduforkane.com\/index.php\/wp-json\/wp\/v2\/types\/post"}],"author":[{"embeddable":true,"href":"https:\/\/www.lejournalduforkane.com\/index.php\/wp-json\/wp\/v2\/users\/2"}],"replies":[{"embeddable":true,"href":"https:\/\/www.lejournalduforkane.com\/index.php\/wp-json\/wp\/v2\/comments?post=16085"}],"version-history":[{"count":1,"href":"https:\/\/www.lejournalduforkane.com\/index.php\/wp-json\/wp\/v2\/posts\/16085\/revisions"}],"predecessor-version":[{"id":16087,"href":"https:\/\/www.lejournalduforkane.com\/index.php\/wp-json\/wp\/v2\/posts\/16085\/revisions\/16087"}],"wp:attachment":[{"href":"https:\/\/www.lejournalduforkane.com\/index.php\/wp-json\/wp\/v2\/media?parent=16085"}],"wp:term":[{"taxonomy":"category","embeddable":true,"href":"https:\/\/www.lejournalduforkane.com\/index.php\/wp-json\/wp\/v2\/categories?post=16085"},{"taxonomy":"post_tag","embeddable":true,"href":"https:\/\/www.lejournalduforkane.com\/index.php\/wp-json\/wp\/v2\/tags?post=16085"}],"curies":[{"name":"wp","href":"https:\/\/api.w.org\/{rel}","templated":true}]}}