
{"id":16094,"date":"2017-07-07T14:10:50","date_gmt":"2017-07-07T14:10:50","guid":{"rendered":"https:\/\/www.lejournalduforkane.com\/?p=16094"},"modified":"2017-07-07T18:51:08","modified_gmt":"2017-07-07T18:51:08","slug":"video-sans-la-republique-islamique-diran-daech-serait-entre-a-bagdad","status":"publish","type":"post","link":"https:\/\/www.lejournalduforkane.com\/index.php\/video-sans-la-republique-islamique-diran-daech-serait-entre-a-bagdad\/","title":{"rendered":"[Vid\u00e9o] \u00ab Sans la R\u00e9publique Islamique d\u2019Iran, Daech serait entr\u00e9 \u00e0 Bagdad !  \u00bb"},"content":{"rendered":"<p><!--more--><\/p>\n<div class=\"_h8t\">\n<div class=\"_5wd9\">\n<div class=\"_5wde _n4o\">\n<div class=\"_5w1r _3_om _5wdf\">\n<div class=\"_4gx_\">\n<div class=\"_d97\"><span class=\"_5yl5\">[Vid\u00e9o] Le commandant des brigades chr\u00e9tiennes babyloniennes au sein de la Mobilisation populaire en Irak, Rayan Chaldan : \u00ab\u00a0Sans la R\u00e9publique Islamique d&rsquo;Iran, Daech serait entr\u00e9 \u00e0 Bagdad ! \u00a0\u00bb<br \/>\n<iframe loading=\"lazy\" src=\"https:\/\/www.youtube.com\/embed\/UgSjO342Vyc\" width=\"560\" height=\"315\" frameborder=\"0\" allowfullscreen=\"allowfullscreen\"><\/iframe><br \/>\nLire article &#8211; La R\u00e9publique islamique d\u2019Iran au secours des Musulmans ==&gt; <a href=\"https:\/\/www.lejournalduforkane.com\/index.php\/la-republique-islamique-diran-au-secours-des-musulmans-2\" target=\"_blank\" rel=\"nofollow\">www.lejournalduforkane.com\/index.php\/la-republique-islamique-diran-au-secours-des-musulmans-2<\/a><\/span><\/div>\n<\/div>\n<\/div>\n<\/div>\n<\/div>\n<\/div>\n","protected":false},"excerpt":{"rendered":"[Vid\u00e9o] Le commandant des brigades chr\u00e9tiennes babyloniennes au sein de la Mobilisation populaire en Irak, Rayan Chaldan : \"Sans la R\u00e9publique Islamique d'Iran, Daech serait entr\u00e9 \u00e0 Bagdad ! \"","protected":false},"author":2,"featured_media":0,"comment_status":"closed","ping_status":"open","sticky":false,"template":"","format":"standard","meta":[],"categories":[49],"tags":[],"_links":{"self":[{"href":"https:\/\/www.lejournalduforkane.com\/index.php\/wp-json\/wp\/v2\/posts\/16094"}],"collection":[{"href":"https:\/\/www.lejournalduforkane.com\/index.php\/wp-json\/wp\/v2\/posts"}],"about":[{"href":"https:\/\/www.lejournalduforkane.com\/index.php\/wp-json\/wp\/v2\/types\/post"}],"author":[{"embeddable":true,"href":"https:\/\/www.lejournalduforkane.com\/index.php\/wp-json\/wp\/v2\/users\/2"}],"replies":[{"embeddable":true,"href":"https:\/\/www.lejournalduforkane.com\/index.php\/wp-json\/wp\/v2\/comments?post=16094"}],"version-history":[{"count":2,"href":"https:\/\/www.lejournalduforkane.com\/index.php\/wp-json\/wp\/v2\/posts\/16094\/revisions"}],"predecessor-version":[{"id":16098,"href":"https:\/\/www.lejournalduforkane.com\/index.php\/wp-json\/wp\/v2\/posts\/16094\/revisions\/16098"}],"wp:attachment":[{"href":"https:\/\/www.lejournalduforkane.com\/index.php\/wp-json\/wp\/v2\/media?parent=16094"}],"wp:term":[{"taxonomy":"category","embeddable":true,"href":"https:\/\/www.lejournalduforkane.com\/index.php\/wp-json\/wp\/v2\/categories?post=16094"},{"taxonomy":"post_tag","embeddable":true,"href":"https:\/\/www.lejournalduforkane.com\/index.php\/wp-json\/wp\/v2\/tags?post=16094"}],"curies":[{"name":"wp","href":"https:\/\/api.w.org\/{rel}","templated":true}]}}