
{"id":16105,"date":"2017-04-17T12:37:19","date_gmt":"2017-04-17T12:37:19","guid":{"rendered":"https:\/\/www.lejournalduforkane.com\/?p=16105"},"modified":"2017-04-17T12:37:19","modified_gmt":"2017-04-17T12:37:19","slug":"video-les-yemenites-protestent-par-milliers-pour-denoncer-contre-des-bombardements-saoudiens-et-les-traitres-soutenant-la-guerre","status":"publish","type":"post","link":"https:\/\/www.lejournalduforkane.com\/index.php\/video-les-yemenites-protestent-par-milliers-pour-denoncer-contre-des-bombardements-saoudiens-et-les-traitres-soutenant-la-guerre\/","title":{"rendered":"[Vid\u00e9o] | Les Y\u00e9m\u00e9nites protestent par milliers pour d\u00e9noncer contre des bombardements saoudiens et les tra\u00eetres soutenant la guerre"},"content":{"rendered":"<p><!--more--><\/p>\n<div id=\"js_5\" class=\"_5pbx userContent\" data-ft=\"{&quot;tn&quot;:&quot;K&quot;}\">\n<p>Des milliers de Y\u00e9m\u00e9nites sont sortis dans les rues de la capitale Sanaa pour protester contre les bombardements de la coalition dirig\u00e9e par la maudite Arabie.<\/p>\n<div style=\"position: relative; height: 0; padding-bottom: 56.25%;\"><iframe loading=\"lazy\" style=\"position: absolute; width: 100%; height: 100%; left: 0;\" src=\"https:\/\/www.youtube.com\/embed\/c6AENvy8E1Y?ecver=2\" width=\"640\" height=\"360\" frameborder=\"0\" allowfullscreen=\"allowfullscreen\"><\/iframe><\/div>\n<\/div>\n","protected":false},"excerpt":{"rendered":"Des milliers de Y\u00e9m\u00e9nites sont sortis dans les rues de la capitale Sanaa pour protester contre les bombardements de la coalition dirig\u00e9e par la maudite Arabie.","protected":false},"author":2,"featured_media":0,"comment_status":"closed","ping_status":"open","sticky":false,"template":"","format":"standard","meta":[],"categories":[49],"tags":[],"_links":{"self":[{"href":"https:\/\/www.lejournalduforkane.com\/index.php\/wp-json\/wp\/v2\/posts\/16105"}],"collection":[{"href":"https:\/\/www.lejournalduforkane.com\/index.php\/wp-json\/wp\/v2\/posts"}],"about":[{"href":"https:\/\/www.lejournalduforkane.com\/index.php\/wp-json\/wp\/v2\/types\/post"}],"author":[{"embeddable":true,"href":"https:\/\/www.lejournalduforkane.com\/index.php\/wp-json\/wp\/v2\/users\/2"}],"replies":[{"embeddable":true,"href":"https:\/\/www.lejournalduforkane.com\/index.php\/wp-json\/wp\/v2\/comments?post=16105"}],"version-history":[{"count":1,"href":"https:\/\/www.lejournalduforkane.com\/index.php\/wp-json\/wp\/v2\/posts\/16105\/revisions"}],"predecessor-version":[{"id":16107,"href":"https:\/\/www.lejournalduforkane.com\/index.php\/wp-json\/wp\/v2\/posts\/16105\/revisions\/16107"}],"wp:attachment":[{"href":"https:\/\/www.lejournalduforkane.com\/index.php\/wp-json\/wp\/v2\/media?parent=16105"}],"wp:term":[{"taxonomy":"category","embeddable":true,"href":"https:\/\/www.lejournalduforkane.com\/index.php\/wp-json\/wp\/v2\/categories?post=16105"},{"taxonomy":"post_tag","embeddable":true,"href":"https:\/\/www.lejournalduforkane.com\/index.php\/wp-json\/wp\/v2\/tags?post=16105"}],"curies":[{"name":"wp","href":"https:\/\/api.w.org\/{rel}","templated":true}]}}