
{"id":16119,"date":"2017-04-18T18:24:31","date_gmt":"2017-04-18T18:24:31","guid":{"rendered":"https:\/\/www.lejournalduforkane.com\/?p=16119"},"modified":"2017-04-18T18:24:31","modified_gmt":"2017-04-18T18:24:31","slug":"je-ne-vois-pas-tres-bien-linteret-de-bachar-el-assad-dans-ce-bombardement-jean-claude-dassier","status":"publish","type":"post","link":"https:\/\/www.lejournalduforkane.com\/index.php\/je-ne-vois-pas-tres-bien-linteret-de-bachar-el-assad-dans-ce-bombardement-jean-claude-dassier\/","title":{"rendered":"\u00ab\u00a0Je ne vois pas tr\u00e8s bien l&rsquo;int\u00e9r\u00eat de Bachar el-Assad\u00a0\u00bb dans \u00ab\u00a0ce bombardement\u00a0\u00bb , Jean-Claude Dassier"},"content":{"rendered":"<p><!--more--><\/p>\n<div style=\"position: relative; height: 0; padding-bottom: 56.25%;\"><iframe loading=\"lazy\" style=\"position: absolute; width: 100%; height: 100%; left: 0;\" src=\"https:\/\/www.youtube.com\/embed\/my0OWgOcSdg?ecver=2\" width=\"640\" height=\"360\" frameborder=\"0\" allowfullscreen=\"allowfullscreen\"><\/iframe><\/div>\n<p>&nbsp;<\/p>\n","protected":false},"excerpt":{"rendered":"&nbsp;","protected":false},"author":2,"featured_media":0,"comment_status":"closed","ping_status":"open","sticky":false,"template":"","format":"standard","meta":[],"categories":[49],"tags":[],"_links":{"self":[{"href":"https:\/\/www.lejournalduforkane.com\/index.php\/wp-json\/wp\/v2\/posts\/16119"}],"collection":[{"href":"https:\/\/www.lejournalduforkane.com\/index.php\/wp-json\/wp\/v2\/posts"}],"about":[{"href":"https:\/\/www.lejournalduforkane.com\/index.php\/wp-json\/wp\/v2\/types\/post"}],"author":[{"embeddable":true,"href":"https:\/\/www.lejournalduforkane.com\/index.php\/wp-json\/wp\/v2\/users\/2"}],"replies":[{"embeddable":true,"href":"https:\/\/www.lejournalduforkane.com\/index.php\/wp-json\/wp\/v2\/comments?post=16119"}],"version-history":[{"count":1,"href":"https:\/\/www.lejournalduforkane.com\/index.php\/wp-json\/wp\/v2\/posts\/16119\/revisions"}],"predecessor-version":[{"id":16121,"href":"https:\/\/www.lejournalduforkane.com\/index.php\/wp-json\/wp\/v2\/posts\/16119\/revisions\/16121"}],"wp:attachment":[{"href":"https:\/\/www.lejournalduforkane.com\/index.php\/wp-json\/wp\/v2\/media?parent=16119"}],"wp:term":[{"taxonomy":"category","embeddable":true,"href":"https:\/\/www.lejournalduforkane.com\/index.php\/wp-json\/wp\/v2\/categories?post=16119"},{"taxonomy":"post_tag","embeddable":true,"href":"https:\/\/www.lejournalduforkane.com\/index.php\/wp-json\/wp\/v2\/tags?post=16119"}],"curies":[{"name":"wp","href":"https:\/\/api.w.org\/{rel}","templated":true}]}}