
{"id":16143,"date":"2017-04-20T18:39:05","date_gmt":"2017-04-20T18:39:05","guid":{"rendered":"https:\/\/www.lejournalduforkane.com\/?p=16143"},"modified":"2017-04-20T18:39:05","modified_gmt":"2017-04-20T18:39:05","slug":"incroyable-mais-vrai-erdogan-qualifie-la-mobilisation-populaire-dorganisation-terroriste","status":"publish","type":"post","link":"https:\/\/www.lejournalduforkane.com\/index.php\/incroyable-mais-vrai-erdogan-qualifie-la-mobilisation-populaire-dorganisation-terroriste\/","title":{"rendered":"INCROYABLE MAIS VRAI : Erdogan qualifie la Mobilisation populaire \u00ab\u00a0d&rsquo;organisation terroriste\u00a0\u00bb"},"content":{"rendered":"<p><!--more--><\/p>\n<p style=\"text-align: justify;\"><span class=\"_5yl5\">Rappelons que la Mobilisation populaire (Hashd chaabi) a \u00e9t\u00e9 cr\u00e9e par le Grand Ayatollah Sistani, elle rassemble des irakiens musulmans, chr\u00e9tiens etc&#8230;dans le but d\u2019\u00e9radiquer les terroristes salafistes de Daesh partout en Irak. <\/span><\/p>\n<p style=\"text-align: justify;\"><span class=\"_5yl5\">Comment peut-on qualifier de terroristes des combattants qui luttent contre Daesh ?<\/span><\/p>\n<div style=\"position: relative; height: 0; padding-bottom: 75.0%;\"><iframe loading=\"lazy\" style=\"position: absolute; width: 100%; height: 100%; left: 0;\" src=\"https:\/\/www.youtube.com\/embed\/ehwP_ohTpuo?ecver=2\" width=\"480\" height=\"360\" frameborder=\"0\" allowfullscreen=\"allowfullscreen\"><\/iframe><\/div>\n<p style=\"text-align: justify;\">\n","protected":false},"excerpt":{"rendered":"Rappelons que la Mobilisation populaire (Hashd chaabi) a \u00e9t\u00e9 cr\u00e9e par le Grand Ayatollah Sistani, elle rassemble des irakiens musulmans, chr\u00e9tiens etc...dans le but d\u2019\u00e9radiquer les terroristes salafistes de Daesh","protected":false},"author":2,"featured_media":0,"comment_status":"closed","ping_status":"open","sticky":false,"template":"","format":"standard","meta":[],"categories":[49],"tags":[],"_links":{"self":[{"href":"https:\/\/www.lejournalduforkane.com\/index.php\/wp-json\/wp\/v2\/posts\/16143"}],"collection":[{"href":"https:\/\/www.lejournalduforkane.com\/index.php\/wp-json\/wp\/v2\/posts"}],"about":[{"href":"https:\/\/www.lejournalduforkane.com\/index.php\/wp-json\/wp\/v2\/types\/post"}],"author":[{"embeddable":true,"href":"https:\/\/www.lejournalduforkane.com\/index.php\/wp-json\/wp\/v2\/users\/2"}],"replies":[{"embeddable":true,"href":"https:\/\/www.lejournalduforkane.com\/index.php\/wp-json\/wp\/v2\/comments?post=16143"}],"version-history":[{"count":1,"href":"https:\/\/www.lejournalduforkane.com\/index.php\/wp-json\/wp\/v2\/posts\/16143\/revisions"}],"predecessor-version":[{"id":16145,"href":"https:\/\/www.lejournalduforkane.com\/index.php\/wp-json\/wp\/v2\/posts\/16143\/revisions\/16145"}],"wp:attachment":[{"href":"https:\/\/www.lejournalduforkane.com\/index.php\/wp-json\/wp\/v2\/media?parent=16143"}],"wp:term":[{"taxonomy":"category","embeddable":true,"href":"https:\/\/www.lejournalduforkane.com\/index.php\/wp-json\/wp\/v2\/categories?post=16143"},{"taxonomy":"post_tag","embeddable":true,"href":"https:\/\/www.lejournalduforkane.com\/index.php\/wp-json\/wp\/v2\/tags?post=16143"}],"curies":[{"name":"wp","href":"https:\/\/api.w.org\/{rel}","templated":true}]}}