
{"id":16160,"date":"2017-04-22T16:55:11","date_gmt":"2017-04-22T16:55:11","guid":{"rendered":"https:\/\/www.lejournalduforkane.com\/?p=16160"},"modified":"2017-04-22T16:55:11","modified_gmt":"2017-04-22T16:55:11","slug":"video-interview-de-bachar-al-assad-president-de-la-republique-arabe-syrienne-par-lafp-interview-que-les-medias-francais-ne-veulent-pas-relayer","status":"publish","type":"post","link":"https:\/\/www.lejournalduforkane.com\/index.php\/video-interview-de-bachar-al-assad-president-de-la-republique-arabe-syrienne-par-lafp-interview-que-les-medias-francais-ne-veulent-pas-relayer\/","title":{"rendered":"[Vid\u00e9o] | Interview de Bachar al-Assad, Pr\u00e9sident de la R\u00e9publique Arabe Syrienne, par l&rsquo;AFP (interview que les m\u00e9dias fran\u00e7ais ne veulent pas relayer)"},"content":{"rendered":"<p><!--more--><\/p>\n<div style=\"position: relative; height: 0; padding-bottom: 56.25%;\"><iframe loading=\"lazy\" style=\"position: absolute; width: 100%; height: 100%; left: 0;\" src=\"https:\/\/www.youtube.com\/embed\/iJ2LQVCnm1A?ecver=2\" width=\"640\" height=\"360\" frameborder=\"0\" allowfullscreen=\"allowfullscreen\"><\/iframe><\/div>\n<p>&nbsp;<\/p>\n","protected":false},"excerpt":{"rendered":"&nbsp;","protected":false},"author":2,"featured_media":0,"comment_status":"closed","ping_status":"open","sticky":false,"template":"","format":"standard","meta":[],"categories":[49],"tags":[],"_links":{"self":[{"href":"https:\/\/www.lejournalduforkane.com\/index.php\/wp-json\/wp\/v2\/posts\/16160"}],"collection":[{"href":"https:\/\/www.lejournalduforkane.com\/index.php\/wp-json\/wp\/v2\/posts"}],"about":[{"href":"https:\/\/www.lejournalduforkane.com\/index.php\/wp-json\/wp\/v2\/types\/post"}],"author":[{"embeddable":true,"href":"https:\/\/www.lejournalduforkane.com\/index.php\/wp-json\/wp\/v2\/users\/2"}],"replies":[{"embeddable":true,"href":"https:\/\/www.lejournalduforkane.com\/index.php\/wp-json\/wp\/v2\/comments?post=16160"}],"version-history":[{"count":1,"href":"https:\/\/www.lejournalduforkane.com\/index.php\/wp-json\/wp\/v2\/posts\/16160\/revisions"}],"predecessor-version":[{"id":16162,"href":"https:\/\/www.lejournalduforkane.com\/index.php\/wp-json\/wp\/v2\/posts\/16160\/revisions\/16162"}],"wp:attachment":[{"href":"https:\/\/www.lejournalduforkane.com\/index.php\/wp-json\/wp\/v2\/media?parent=16160"}],"wp:term":[{"taxonomy":"category","embeddable":true,"href":"https:\/\/www.lejournalduforkane.com\/index.php\/wp-json\/wp\/v2\/categories?post=16160"},{"taxonomy":"post_tag","embeddable":true,"href":"https:\/\/www.lejournalduforkane.com\/index.php\/wp-json\/wp\/v2\/tags?post=16160"}],"curies":[{"name":"wp","href":"https:\/\/api.w.org\/{rel}","templated":true}]}}