
{"id":16184,"date":"2017-04-26T18:03:31","date_gmt":"2017-04-26T18:03:31","guid":{"rendered":"https:\/\/www.lejournalduforkane.com\/?p=16184"},"modified":"2017-04-26T18:03:31","modified_gmt":"2017-04-26T18:03:31","slug":"video-un-terroriste-salafiste-du-front-al-nosra-capture-par-larmee-arabe-syrienne-a-qaboun-il-y-a-3-jours","status":"publish","type":"post","link":"https:\/\/www.lejournalduforkane.com\/index.php\/video-un-terroriste-salafiste-du-front-al-nosra-capture-par-larmee-arabe-syrienne-a-qaboun-il-y-a-3-jours\/","title":{"rendered":"[Vid\u00e9o] | Un terroriste salafiste du Front Al Nosra captur\u00e9 par l&rsquo;Arm\u00e9e Arabe Syrienne \u00e0 Qaboun il y a 3 jours"},"content":{"rendered":"<p><!--more--><\/p>\n<div id=\"js_m1\" class=\"_5pbx userContent\" data-ft=\"{&quot;tn&quot;:&quot;K&quot;}\">\n<p style=\"text-align: justify;\">Ce terroriste a \u00e9t\u00e9 surpris de voir tant de militaire de l&rsquo;Arm\u00e9e Arabe Syrienne apr\u00e8s que son chef lui ait que l&rsquo;Arm\u00e9e Arabe Syrienne n&rsquo;existe pas..<\/p>\n<p><iframe loading=\"lazy\" src=\"https:\/\/www.youtube.com\/embed\/UexrPYtmU3Y\" width=\"560\" height=\"315\" frameborder=\"0\" allowfullscreen=\"allowfullscreen\"><\/iframe><\/p>\n<\/div>\n","protected":false},"excerpt":{"rendered":"Ce terroriste a \u00e9t\u00e9 surpris de voir tant de militaire de l'Arm\u00e9e Arabe Syrienne apr\u00e8s que son chef lui ait que l'Arm\u00e9e Arabe Syrienne n'existe pas..","protected":false},"author":2,"featured_media":0,"comment_status":"closed","ping_status":"open","sticky":false,"template":"","format":"standard","meta":[],"categories":[49],"tags":[],"_links":{"self":[{"href":"https:\/\/www.lejournalduforkane.com\/index.php\/wp-json\/wp\/v2\/posts\/16184"}],"collection":[{"href":"https:\/\/www.lejournalduforkane.com\/index.php\/wp-json\/wp\/v2\/posts"}],"about":[{"href":"https:\/\/www.lejournalduforkane.com\/index.php\/wp-json\/wp\/v2\/types\/post"}],"author":[{"embeddable":true,"href":"https:\/\/www.lejournalduforkane.com\/index.php\/wp-json\/wp\/v2\/users\/2"}],"replies":[{"embeddable":true,"href":"https:\/\/www.lejournalduforkane.com\/index.php\/wp-json\/wp\/v2\/comments?post=16184"}],"version-history":[{"count":1,"href":"https:\/\/www.lejournalduforkane.com\/index.php\/wp-json\/wp\/v2\/posts\/16184\/revisions"}],"predecessor-version":[{"id":16186,"href":"https:\/\/www.lejournalduforkane.com\/index.php\/wp-json\/wp\/v2\/posts\/16184\/revisions\/16186"}],"wp:attachment":[{"href":"https:\/\/www.lejournalduforkane.com\/index.php\/wp-json\/wp\/v2\/media?parent=16184"}],"wp:term":[{"taxonomy":"category","embeddable":true,"href":"https:\/\/www.lejournalduforkane.com\/index.php\/wp-json\/wp\/v2\/categories?post=16184"},{"taxonomy":"post_tag","embeddable":true,"href":"https:\/\/www.lejournalduforkane.com\/index.php\/wp-json\/wp\/v2\/tags?post=16184"}],"curies":[{"name":"wp","href":"https:\/\/api.w.org\/{rel}","templated":true}]}}