
{"id":16209,"date":"2017-10-22T11:44:06","date_gmt":"2017-10-22T11:44:06","guid":{"rendered":"https:\/\/www.lejournalduforkane.com\/?p=16209"},"modified":"2017-10-22T14:47:26","modified_gmt":"2017-10-22T14:47:26","slug":"a-regardez-durgence-la-verite-sort-de-la-bouche-des-enfants-les-terroristes-salafistes-de-daesh-ne-font-pas-la-priere","status":"publish","type":"post","link":"https:\/\/www.lejournalduforkane.com\/index.php\/a-regardez-durgence-la-verite-sort-de-la-bouche-des-enfants-les-terroristes-salafistes-de-daesh-ne-font-pas-la-priere\/","title":{"rendered":"A REGARDEZ D&rsquo;URGENCE ===> La v\u00e9rit\u00e9 sort de la bouche des enfants : LES TERRORISTES SALAFISTES DE DAESH NE FONT PAS LA PRI\u00c8RE !!!"},"content":{"rendered":"<p><!--more--><br \/>\n<strong>CES TERRORISTES SALAFISTES WAHHABITES NE SONT PAS MUSULMANS.<\/strong><br \/>\n<iframe loading=\"lazy\" src=\"https:\/\/www.youtube.com\/embed\/XWcoGM7_htE\" width=\"560\" height=\"315\" frameborder=\"0\" allowfullscreen=\"allowfullscreen\"><\/iframe><\/p>\n","protected":false},"excerpt":{"rendered":"CES TERRORISTES SALAFISTES WAHHABITES NE SONT PAS MUSULMANS.","protected":false},"author":2,"featured_media":0,"comment_status":"closed","ping_status":"open","sticky":false,"template":"","format":"standard","meta":[],"categories":[49],"tags":[],"_links":{"self":[{"href":"https:\/\/www.lejournalduforkane.com\/index.php\/wp-json\/wp\/v2\/posts\/16209"}],"collection":[{"href":"https:\/\/www.lejournalduforkane.com\/index.php\/wp-json\/wp\/v2\/posts"}],"about":[{"href":"https:\/\/www.lejournalduforkane.com\/index.php\/wp-json\/wp\/v2\/types\/post"}],"author":[{"embeddable":true,"href":"https:\/\/www.lejournalduforkane.com\/index.php\/wp-json\/wp\/v2\/users\/2"}],"replies":[{"embeddable":true,"href":"https:\/\/www.lejournalduforkane.com\/index.php\/wp-json\/wp\/v2\/comments?post=16209"}],"version-history":[{"count":1,"href":"https:\/\/www.lejournalduforkane.com\/index.php\/wp-json\/wp\/v2\/posts\/16209\/revisions"}],"predecessor-version":[{"id":16211,"href":"https:\/\/www.lejournalduforkane.com\/index.php\/wp-json\/wp\/v2\/posts\/16209\/revisions\/16211"}],"wp:attachment":[{"href":"https:\/\/www.lejournalduforkane.com\/index.php\/wp-json\/wp\/v2\/media?parent=16209"}],"wp:term":[{"taxonomy":"category","embeddable":true,"href":"https:\/\/www.lejournalduforkane.com\/index.php\/wp-json\/wp\/v2\/categories?post=16209"},{"taxonomy":"post_tag","embeddable":true,"href":"https:\/\/www.lejournalduforkane.com\/index.php\/wp-json\/wp\/v2\/tags?post=16209"}],"curies":[{"name":"wp","href":"https:\/\/api.w.org\/{rel}","templated":true}]}}