
{"id":16226,"date":"2017-05-04T19:57:19","date_gmt":"2017-05-04T19:57:19","guid":{"rendered":"https:\/\/www.lejournalduforkane.com\/?p=16226"},"modified":"2017-05-04T19:57:19","modified_gmt":"2017-05-04T19:57:19","slug":"video-des-milliers-de-palestiniens-manifestent-a-ramallah-en-solidarite-avec-la-greve-de-la-faim-des-prisonniers","status":"publish","type":"post","link":"https:\/\/www.lejournalduforkane.com\/index.php\/video-des-milliers-de-palestiniens-manifestent-a-ramallah-en-solidarite-avec-la-greve-de-la-faim-des-prisonniers\/","title":{"rendered":"[VIDEO] Des milliers de Palestiniens manifestent \u00e0 Ramallah en solidarit\u00e9 avec la gr\u00e8ve de la faim des prisonniers"},"content":{"rendered":"<p><!--more--><\/p>\n<p>D\u00e9non\u00e7ons les crimes des sionistes et soyons tous solidaires avec la Palestine.<br \/>\n<iframe loading=\"lazy\" src=\"https:\/\/www.youtube.com\/embed\/fkVVV0Hkz7M\" width=\"560\" height=\"315\" frameborder=\"0\" allowfullscreen=\"allowfullscreen\"><\/iframe><\/p>\n","protected":false},"excerpt":{"rendered":"D\u00e9non\u00e7ons les crimes des sionistes et soyons tous solidaires avec la Palestine.","protected":false},"author":2,"featured_media":0,"comment_status":"closed","ping_status":"open","sticky":false,"template":"","format":"standard","meta":[],"categories":[49],"tags":[],"_links":{"self":[{"href":"https:\/\/www.lejournalduforkane.com\/index.php\/wp-json\/wp\/v2\/posts\/16226"}],"collection":[{"href":"https:\/\/www.lejournalduforkane.com\/index.php\/wp-json\/wp\/v2\/posts"}],"about":[{"href":"https:\/\/www.lejournalduforkane.com\/index.php\/wp-json\/wp\/v2\/types\/post"}],"author":[{"embeddable":true,"href":"https:\/\/www.lejournalduforkane.com\/index.php\/wp-json\/wp\/v2\/users\/2"}],"replies":[{"embeddable":true,"href":"https:\/\/www.lejournalduforkane.com\/index.php\/wp-json\/wp\/v2\/comments?post=16226"}],"version-history":[{"count":1,"href":"https:\/\/www.lejournalduforkane.com\/index.php\/wp-json\/wp\/v2\/posts\/16226\/revisions"}],"predecessor-version":[{"id":16228,"href":"https:\/\/www.lejournalduforkane.com\/index.php\/wp-json\/wp\/v2\/posts\/16226\/revisions\/16228"}],"wp:attachment":[{"href":"https:\/\/www.lejournalduforkane.com\/index.php\/wp-json\/wp\/v2\/media?parent=16226"}],"wp:term":[{"taxonomy":"category","embeddable":true,"href":"https:\/\/www.lejournalduforkane.com\/index.php\/wp-json\/wp\/v2\/categories?post=16226"},{"taxonomy":"post_tag","embeddable":true,"href":"https:\/\/www.lejournalduforkane.com\/index.php\/wp-json\/wp\/v2\/tags?post=16226"}],"curies":[{"name":"wp","href":"https:\/\/api.w.org\/{rel}","templated":true}]}}