
{"id":16232,"date":"2017-07-07T10:05:53","date_gmt":"2017-07-07T10:05:53","guid":{"rendered":"https:\/\/www.lejournalduforkane.com\/?p=16232"},"modified":"2017-07-07T18:50:17","modified_gmt":"2017-07-07T18:50:17","slug":"video-exclusive-jdf-regardez-ces-2-terroristes-de-daesh-captures-par-les-forces-irakiennes-ces-derniers-ont-trouves-des-poux","status":"publish","type":"post","link":"https:\/\/www.lejournalduforkane.com\/index.php\/video-exclusive-jdf-regardez-ces-2-terroristes-de-daesh-captures-par-les-forces-irakiennes-ces-derniers-ont-trouves-des-poux\/","title":{"rendered":"VID\u00c9O EXCLUSIVE JDF ===> Regardez ces 2 terroristes de Daesh captur\u00e9s par les forces irakiennes, ces derniers ont trouv\u00e9s des poux"},"content":{"rendered":"<p><!--more--><\/p>\n<p>VID\u00c9O EXCLUSIVE JDF ===&gt; Regardez ces 2 terroristes de Daesh captur\u00e9s par les forces irakiennes, ces derniers ont trouv\u00e9s des poux. Ces terroristes n&rsquo;avaient pas pris de douche depuis 3 mois.<br \/>\n<iframe loading=\"lazy\" src=\"https:\/\/www.youtube.com\/embed\/mbML4b6OYXM\" width=\"560\" height=\"315\" frameborder=\"0\" allowfullscreen=\"allowfullscreen\"><\/iframe><\/p>\n","protected":false},"excerpt":{"rendered":"VID\u00c9O EXCLUSIVE JDF ===&gt; Regardez ces 2 terroristes de Daesh captur\u00e9s par les forces irakiennes, ces derniers ont trouv\u00e9s des poux. Ces terroristes n'avaient pas pris de douche depuis 3","protected":false},"author":2,"featured_media":0,"comment_status":"closed","ping_status":"open","sticky":false,"template":"","format":"standard","meta":[],"categories":[49],"tags":[],"_links":{"self":[{"href":"https:\/\/www.lejournalduforkane.com\/index.php\/wp-json\/wp\/v2\/posts\/16232"}],"collection":[{"href":"https:\/\/www.lejournalduforkane.com\/index.php\/wp-json\/wp\/v2\/posts"}],"about":[{"href":"https:\/\/www.lejournalduforkane.com\/index.php\/wp-json\/wp\/v2\/types\/post"}],"author":[{"embeddable":true,"href":"https:\/\/www.lejournalduforkane.com\/index.php\/wp-json\/wp\/v2\/users\/2"}],"replies":[{"embeddable":true,"href":"https:\/\/www.lejournalduforkane.com\/index.php\/wp-json\/wp\/v2\/comments?post=16232"}],"version-history":[{"count":1,"href":"https:\/\/www.lejournalduforkane.com\/index.php\/wp-json\/wp\/v2\/posts\/16232\/revisions"}],"predecessor-version":[{"id":16234,"href":"https:\/\/www.lejournalduforkane.com\/index.php\/wp-json\/wp\/v2\/posts\/16232\/revisions\/16234"}],"wp:attachment":[{"href":"https:\/\/www.lejournalduforkane.com\/index.php\/wp-json\/wp\/v2\/media?parent=16232"}],"wp:term":[{"taxonomy":"category","embeddable":true,"href":"https:\/\/www.lejournalduforkane.com\/index.php\/wp-json\/wp\/v2\/categories?post=16232"},{"taxonomy":"post_tag","embeddable":true,"href":"https:\/\/www.lejournalduforkane.com\/index.php\/wp-json\/wp\/v2\/tags?post=16232"}],"curies":[{"name":"wp","href":"https:\/\/api.w.org\/{rel}","templated":true}]}}