
{"id":16236,"date":"2017-05-05T18:57:01","date_gmt":"2017-05-05T18:57:01","guid":{"rendered":"https:\/\/www.lejournalduforkane.com\/?p=16236"},"modified":"2017-05-05T18:57:01","modified_gmt":"2017-05-05T18:57:01","slug":"video-a-regarder-durgence-regardez-comment-al-jazeera-montent-de-faux-reportages-avec-des-bebes-qui-sont-en-realite-des-poupees","status":"publish","type":"post","link":"https:\/\/www.lejournalduforkane.com\/index.php\/video-a-regarder-durgence-regardez-comment-al-jazeera-montent-de-faux-reportages-avec-des-bebes-qui-sont-en-realite-des-poupees\/","title":{"rendered":"VID\u00c9O A REGARDER D&rsquo;URGENCE !!! Regardez comment Al Jazeera montent de faux reportages avec des b\u00e9b\u00e9s qui sont en r\u00e9alit\u00e9 des poup\u00e9es !!!"},"content":{"rendered":"<p style=\"text-align: justify;\"><!--more--><\/p>\n<div data-contents=\"true\">\n<div class=\"\" style=\"text-align: justify;\" data-block=\"true\" data-editor=\"72nh7\" data-offset-key=\"7531r-0-0\">\n<div class=\"_1mf _1mj\" data-offset-key=\"7531r-0-0\">En r\u00e9alit\u00e9, les masques sont aujourd\u2019hui tomb\u00e9s : \u00ab Al Jazeera \u00bb ne d\u00e9fend que ce qui arrange ses \u00ab parrains \u00bb et finalement le plan am\u00e9ricain. Le but est pour elle d\u2019attirer le maximum de t\u00e9l\u00e9spectateurs, d\u2019asseoir sa cr\u00e9dibilit\u00e9 et de commencer ensuite \u00e0 influer sur les esprits arabes perturb\u00e9s par cet emballement de l\u2019Histoire.<\/div>\n<\/div>\n<div class=\"\" style=\"text-align: justify;\" data-block=\"true\" data-editor=\"72nh7\" data-offset-key=\"adnjl-0-0\">\n<div class=\"_1mf _1mj\" data-offset-key=\"adnjl-0-0\"><span data-offset-key=\"adnjl-0-0\">\u00a0<\/span><\/div>\n<\/div>\n<div class=\"\" data-block=\"true\" data-editor=\"72nh7\" data-offset-key=\"a4e6i-0-0\">\n<div class=\"_1mf _1mj\" style=\"text-align: justify;\" data-offset-key=\"a4e6i-0-0\"><span data-offset-key=\"a4e6i-0-0\"><span data-text=\"true\">En savoir plus : <a href=\"https:\/\/www.lejournalduforkane.com\/index.php\/al-jazeera-la-chaine-d-grand-satan\">www.lejournalduforkane.com\/index.php\/al-jazeera-la-chaine-d-grand-satan<\/a><\/span><\/span><\/div>\n<\/div>\n<\/div>\n<p><iframe loading=\"lazy\" src=\"https:\/\/www.youtube.com\/embed\/OKuDa9lWeO8\" width=\"560\" height=\"315\" frameborder=\"0\" allowfullscreen=\"allowfullscreen\"><\/iframe><\/p>\n","protected":false},"excerpt":{"rendered":"En r\u00e9alit\u00e9, les masques sont aujourd\u2019hui tomb\u00e9s : \u00ab Al Jazeera \u00bb ne d\u00e9fend que ce qui arrange ses \u00ab parrains \u00bb et finalement le plan am\u00e9ricain. Le but est","protected":false},"author":2,"featured_media":0,"comment_status":"closed","ping_status":"open","sticky":false,"template":"","format":"standard","meta":[],"categories":[49],"tags":[],"_links":{"self":[{"href":"https:\/\/www.lejournalduforkane.com\/index.php\/wp-json\/wp\/v2\/posts\/16236"}],"collection":[{"href":"https:\/\/www.lejournalduforkane.com\/index.php\/wp-json\/wp\/v2\/posts"}],"about":[{"href":"https:\/\/www.lejournalduforkane.com\/index.php\/wp-json\/wp\/v2\/types\/post"}],"author":[{"embeddable":true,"href":"https:\/\/www.lejournalduforkane.com\/index.php\/wp-json\/wp\/v2\/users\/2"}],"replies":[{"embeddable":true,"href":"https:\/\/www.lejournalduforkane.com\/index.php\/wp-json\/wp\/v2\/comments?post=16236"}],"version-history":[{"count":1,"href":"https:\/\/www.lejournalduforkane.com\/index.php\/wp-json\/wp\/v2\/posts\/16236\/revisions"}],"predecessor-version":[{"id":16238,"href":"https:\/\/www.lejournalduforkane.com\/index.php\/wp-json\/wp\/v2\/posts\/16236\/revisions\/16238"}],"wp:attachment":[{"href":"https:\/\/www.lejournalduforkane.com\/index.php\/wp-json\/wp\/v2\/media?parent=16236"}],"wp:term":[{"taxonomy":"category","embeddable":true,"href":"https:\/\/www.lejournalduforkane.com\/index.php\/wp-json\/wp\/v2\/categories?post=16236"},{"taxonomy":"post_tag","embeddable":true,"href":"https:\/\/www.lejournalduforkane.com\/index.php\/wp-json\/wp\/v2\/tags?post=16236"}],"curies":[{"name":"wp","href":"https:\/\/api.w.org\/{rel}","templated":true}]}}