
{"id":16260,"date":"2017-11-17T16:22:28","date_gmt":"2017-11-17T16:22:28","guid":{"rendered":"https:\/\/www.lejournalduforkane.com\/?p=16260"},"modified":"2017-11-17T19:47:05","modified_gmt":"2017-11-17T19:47:05","slug":"video-un-enfant-meurt-de-faim-toutes-les-10-minutes-au-yemen","status":"publish","type":"post","link":"https:\/\/www.lejournalduforkane.com\/index.php\/video-un-enfant-meurt-de-faim-toutes-les-10-minutes-au-yemen\/","title":{"rendered":"[Vid\u00e9o] | Un enfant meurt de faim toutes les 10 minutes au Y\u00e9men"},"content":{"rendered":"<div class=\"_d97\"><span class=\"_5yl5\"><!--more-->Ces images des enfants affam\u00e9s du Y\u00e9men sont tr\u00e8s p\u00e9nibles &#8211; mais doivent \u00eatre vues.<\/span><\/div>\n<p><iframe loading=\"lazy\" src=\"https:\/\/www.youtube.com\/embed\/bYSZbg9wl7A\" width=\"560\" height=\"315\" frameborder=\"0\" allowfullscreen=\"allowfullscreen\"><\/iframe><\/p>\n","protected":false},"excerpt":{"rendered":"Ces images des enfants affam\u00e9s du Y\u00e9men sont tr\u00e8s p\u00e9nibles - mais doivent \u00eatre vues.","protected":false},"author":2,"featured_media":0,"comment_status":"closed","ping_status":"open","sticky":false,"template":"","format":"standard","meta":[],"categories":[49],"tags":[],"_links":{"self":[{"href":"https:\/\/www.lejournalduforkane.com\/index.php\/wp-json\/wp\/v2\/posts\/16260"}],"collection":[{"href":"https:\/\/www.lejournalduforkane.com\/index.php\/wp-json\/wp\/v2\/posts"}],"about":[{"href":"https:\/\/www.lejournalduforkane.com\/index.php\/wp-json\/wp\/v2\/types\/post"}],"author":[{"embeddable":true,"href":"https:\/\/www.lejournalduforkane.com\/index.php\/wp-json\/wp\/v2\/users\/2"}],"replies":[{"embeddable":true,"href":"https:\/\/www.lejournalduforkane.com\/index.php\/wp-json\/wp\/v2\/comments?post=16260"}],"version-history":[{"count":1,"href":"https:\/\/www.lejournalduforkane.com\/index.php\/wp-json\/wp\/v2\/posts\/16260\/revisions"}],"predecessor-version":[{"id":16262,"href":"https:\/\/www.lejournalduforkane.com\/index.php\/wp-json\/wp\/v2\/posts\/16260\/revisions\/16262"}],"wp:attachment":[{"href":"https:\/\/www.lejournalduforkane.com\/index.php\/wp-json\/wp\/v2\/media?parent=16260"}],"wp:term":[{"taxonomy":"category","embeddable":true,"href":"https:\/\/www.lejournalduforkane.com\/index.php\/wp-json\/wp\/v2\/categories?post=16260"},{"taxonomy":"post_tag","embeddable":true,"href":"https:\/\/www.lejournalduforkane.com\/index.php\/wp-json\/wp\/v2\/tags?post=16260"}],"curies":[{"name":"wp","href":"https:\/\/api.w.org\/{rel}","templated":true}]}}