
{"id":16297,"date":"2017-05-14T16:01:11","date_gmt":"2017-05-14T16:01:11","guid":{"rendered":"https:\/\/www.lejournalduforkane.com\/?p=16297"},"modified":"2017-05-14T16:01:11","modified_gmt":"2017-05-14T16:01:11","slug":"regardez-comment-comment-ce-presentateur-irakien-expulse-de-son-emission-un-salafiste-wahhabite-saoudien-qui-sen-est-pris-a-la-croyance-de-limam-mahdi-as","status":"publish","type":"post","link":"https:\/\/www.lejournalduforkane.com\/index.php\/regardez-comment-comment-ce-presentateur-irakien-expulse-de-son-emission-un-salafiste-wahhabite-saoudien-qui-sen-est-pris-a-la-croyance-de-limam-mahdi-as\/","title":{"rendered":"Regardez comment comment ce pr\u00e9sentateur irakien expulse de son \u00e9mission, un salafiste wahhabite saoudien, qui s&rsquo;en est pris \u00e0 la croyance de l&rsquo;Imam Mahdi (AS)"},"content":{"rendered":"<p><!--more--><\/p>\n<p><iframe loading=\"lazy\" src=\"https:\/\/www.youtube.com\/embed\/5qoK5sWgzUU\" width=\"560\" height=\"315\" frameborder=\"0\" allowfullscreen=\"allowfullscreen\"><\/iframe><\/p>\n","protected":false},"excerpt":{"rendered":"","protected":false},"author":2,"featured_media":0,"comment_status":"closed","ping_status":"open","sticky":false,"template":"","format":"standard","meta":[],"categories":[49],"tags":[],"_links":{"self":[{"href":"https:\/\/www.lejournalduforkane.com\/index.php\/wp-json\/wp\/v2\/posts\/16297"}],"collection":[{"href":"https:\/\/www.lejournalduforkane.com\/index.php\/wp-json\/wp\/v2\/posts"}],"about":[{"href":"https:\/\/www.lejournalduforkane.com\/index.php\/wp-json\/wp\/v2\/types\/post"}],"author":[{"embeddable":true,"href":"https:\/\/www.lejournalduforkane.com\/index.php\/wp-json\/wp\/v2\/users\/2"}],"replies":[{"embeddable":true,"href":"https:\/\/www.lejournalduforkane.com\/index.php\/wp-json\/wp\/v2\/comments?post=16297"}],"version-history":[{"count":1,"href":"https:\/\/www.lejournalduforkane.com\/index.php\/wp-json\/wp\/v2\/posts\/16297\/revisions"}],"predecessor-version":[{"id":16299,"href":"https:\/\/www.lejournalduforkane.com\/index.php\/wp-json\/wp\/v2\/posts\/16297\/revisions\/16299"}],"wp:attachment":[{"href":"https:\/\/www.lejournalduforkane.com\/index.php\/wp-json\/wp\/v2\/media?parent=16297"}],"wp:term":[{"taxonomy":"category","embeddable":true,"href":"https:\/\/www.lejournalduforkane.com\/index.php\/wp-json\/wp\/v2\/categories?post=16297"},{"taxonomy":"post_tag","embeddable":true,"href":"https:\/\/www.lejournalduforkane.com\/index.php\/wp-json\/wp\/v2\/tags?post=16297"}],"curies":[{"name":"wp","href":"https:\/\/api.w.org\/{rel}","templated":true}]}}