
{"id":16311,"date":"2017-05-15T18:47:48","date_gmt":"2017-05-15T18:47:48","guid":{"rendered":"https:\/\/www.lejournalduforkane.com\/?p=16311"},"modified":"2017-05-15T18:47:48","modified_gmt":"2017-05-15T18:47:48","slug":"video-29-eme-jours-de-greve-de-la-faim-des-prisonniers-palestiniens-et-ces-derniers-ne-cedent-pas-a-la-tentation","status":"publish","type":"post","link":"https:\/\/www.lejournalduforkane.com\/index.php\/video-29-eme-jours-de-greve-de-la-faim-des-prisonniers-palestiniens-et-ces-derniers-ne-cedent-pas-a-la-tentation\/","title":{"rendered":"[Vid\u00e9o] | 29 \u00e8me jours de gr\u00e8ve de la faim des prisonniers Palestiniens et ces derniers ne c\u00e8dent pas \u00e0 la tentation."},"content":{"rendered":"<p><!--more--><\/p>\n<div id=\"js_5m\" class=\"_5pbx userContent\" data-ft=\"{&quot;tn&quot;:&quot;K&quot;}\">\n<p>Regardez la vid\u00e9o et dites nous ce que vous auriez fait \u00e0 leur place ?<br \/>\n<iframe loading=\"lazy\" src=\"https:\/\/www.youtube.com\/embed\/7q8Pqr9utFM\" width=\"560\" height=\"315\" frameborder=\"0\" allowfullscreen=\"allowfullscreen\"><\/iframe><\/p>\n<\/div>\n","protected":false},"excerpt":{"rendered":"Regardez la vid\u00e9o et dites nous ce que vous auriez fait \u00e0 leur place ?","protected":false},"author":2,"featured_media":0,"comment_status":"closed","ping_status":"open","sticky":false,"template":"","format":"standard","meta":[],"categories":[49],"tags":[],"_links":{"self":[{"href":"https:\/\/www.lejournalduforkane.com\/index.php\/wp-json\/wp\/v2\/posts\/16311"}],"collection":[{"href":"https:\/\/www.lejournalduforkane.com\/index.php\/wp-json\/wp\/v2\/posts"}],"about":[{"href":"https:\/\/www.lejournalduforkane.com\/index.php\/wp-json\/wp\/v2\/types\/post"}],"author":[{"embeddable":true,"href":"https:\/\/www.lejournalduforkane.com\/index.php\/wp-json\/wp\/v2\/users\/2"}],"replies":[{"embeddable":true,"href":"https:\/\/www.lejournalduforkane.com\/index.php\/wp-json\/wp\/v2\/comments?post=16311"}],"version-history":[{"count":1,"href":"https:\/\/www.lejournalduforkane.com\/index.php\/wp-json\/wp\/v2\/posts\/16311\/revisions"}],"predecessor-version":[{"id":16313,"href":"https:\/\/www.lejournalduforkane.com\/index.php\/wp-json\/wp\/v2\/posts\/16311\/revisions\/16313"}],"wp:attachment":[{"href":"https:\/\/www.lejournalduforkane.com\/index.php\/wp-json\/wp\/v2\/media?parent=16311"}],"wp:term":[{"taxonomy":"category","embeddable":true,"href":"https:\/\/www.lejournalduforkane.com\/index.php\/wp-json\/wp\/v2\/categories?post=16311"},{"taxonomy":"post_tag","embeddable":true,"href":"https:\/\/www.lejournalduforkane.com\/index.php\/wp-json\/wp\/v2\/tags?post=16311"}],"curies":[{"name":"wp","href":"https:\/\/api.w.org\/{rel}","templated":true}]}}