
{"id":16337,"date":"2017-05-17T18:59:43","date_gmt":"2017-05-17T18:59:43","guid":{"rendered":"https:\/\/www.lejournalduforkane.com\/?p=16337"},"modified":"2017-05-17T18:59:43","modified_gmt":"2017-05-17T18:59:43","slug":"trump-al-saoud-un-contrat-d-armement-de-100-milliards-de-dollars","status":"publish","type":"post","link":"https:\/\/www.lejournalduforkane.com\/index.php\/trump-al-saoud-un-contrat-d-armement-de-100-milliards-de-dollars\/","title":{"rendered":"TRUMP AL SAOUD , UN CONTRAT D ARMEMENT DE 100 MILLIARDS DE DOLLARS !!"},"content":{"rendered":"<p style=\"text-align: justify;\"><!--more--><\/p>\n<p style=\"text-align: justify;\">Les USA vont conclure une s\u00e9rie de contrats d&rsquo;armement avec l&rsquo;Arabie Saoudite, a annonc\u00e9 vendredi un responsable de la Maison Blanche, \u00e0 une semaine de la visite de Donald Trump \u00e0 Riyad. Le co\u00fbt total des transactions est estim\u00e9 \u00e0 plus de 100 milliards de Dollars !!!<\/p>\n<p><iframe loading=\"lazy\" src=\"https:\/\/www.youtube.com\/embed\/SvtvmoMLA7Q\" width=\"560\" height=\"315\" frameborder=\"0\" allowfullscreen=\"allowfullscreen\"><\/iframe><\/p>\n","protected":false},"excerpt":{"rendered":"Les USA vont conclure une s\u00e9rie de contrats d'armement avec l'Arabie Saoudite, a annonc\u00e9 vendredi un responsable de la Maison Blanche, \u00e0 une semaine de la visite de Donald Trump","protected":false},"author":2,"featured_media":0,"comment_status":"closed","ping_status":"open","sticky":false,"template":"","format":"standard","meta":[],"categories":[49],"tags":[],"_links":{"self":[{"href":"https:\/\/www.lejournalduforkane.com\/index.php\/wp-json\/wp\/v2\/posts\/16337"}],"collection":[{"href":"https:\/\/www.lejournalduforkane.com\/index.php\/wp-json\/wp\/v2\/posts"}],"about":[{"href":"https:\/\/www.lejournalduforkane.com\/index.php\/wp-json\/wp\/v2\/types\/post"}],"author":[{"embeddable":true,"href":"https:\/\/www.lejournalduforkane.com\/index.php\/wp-json\/wp\/v2\/users\/2"}],"replies":[{"embeddable":true,"href":"https:\/\/www.lejournalduforkane.com\/index.php\/wp-json\/wp\/v2\/comments?post=16337"}],"version-history":[{"count":1,"href":"https:\/\/www.lejournalduforkane.com\/index.php\/wp-json\/wp\/v2\/posts\/16337\/revisions"}],"predecessor-version":[{"id":16339,"href":"https:\/\/www.lejournalduforkane.com\/index.php\/wp-json\/wp\/v2\/posts\/16337\/revisions\/16339"}],"wp:attachment":[{"href":"https:\/\/www.lejournalduforkane.com\/index.php\/wp-json\/wp\/v2\/media?parent=16337"}],"wp:term":[{"taxonomy":"category","embeddable":true,"href":"https:\/\/www.lejournalduforkane.com\/index.php\/wp-json\/wp\/v2\/categories?post=16337"},{"taxonomy":"post_tag","embeddable":true,"href":"https:\/\/www.lejournalduforkane.com\/index.php\/wp-json\/wp\/v2\/tags?post=16337"}],"curies":[{"name":"wp","href":"https:\/\/api.w.org\/{rel}","templated":true}]}}