
{"id":16361,"date":"2017-05-19T19:09:19","date_gmt":"2017-05-19T19:09:19","guid":{"rendered":"https:\/\/www.lejournalduforkane.com\/?p=16361"},"modified":"2017-05-19T19:09:19","modified_gmt":"2017-05-19T19:09:19","slug":"video-les-iraniens-votent-aujourdhui-a-loccasion-de-lelection-presidentielle","status":"publish","type":"post","link":"https:\/\/www.lejournalduforkane.com\/index.php\/video-les-iraniens-votent-aujourdhui-a-loccasion-de-lelection-presidentielle\/","title":{"rendered":"[Vid\u00e9o] | Les Iraniens votent aujourd&rsquo;hui \u00e0 l&rsquo;occasion de l&rsquo;\u00e9lection pr\u00e9sidentielle"},"content":{"rendered":"<p style=\"text-align: justify;\"><!--more--><\/p>\n<div id=\"js_qi\" class=\"_5pbx userContent\" data-ft=\"{&quot;tn&quot;:&quot;K&quot;}\">\n<p style=\"text-align: justify;\">A cette occasion, le guide supr\u00eame de la R\u00e9volution Iranienne Ali Khamenei a dit que \u00ab\u00a0l&rsquo;avenir du pays est entre les mains des enfants de la Nation.\u00a0\u00bb<\/p>\n<p style=\"text-align: justify;\">\n<\/div>\n<p><iframe loading=\"lazy\" src=\"https:\/\/www.youtube.com\/embed\/1BuO7GVAMJI\" width=\"560\" height=\"315\" frameborder=\"0\" allowfullscreen=\"allowfullscreen\"><\/iframe><\/p>\n","protected":false},"excerpt":{"rendered":"A cette occasion, le guide supr\u00eame de la R\u00e9volution Iranienne Ali Khamenei a dit que \"l'avenir du pays est entre les mains des enfants de la Nation.\"","protected":false},"author":2,"featured_media":0,"comment_status":"closed","ping_status":"open","sticky":false,"template":"","format":"standard","meta":[],"categories":[49],"tags":[],"_links":{"self":[{"href":"https:\/\/www.lejournalduforkane.com\/index.php\/wp-json\/wp\/v2\/posts\/16361"}],"collection":[{"href":"https:\/\/www.lejournalduforkane.com\/index.php\/wp-json\/wp\/v2\/posts"}],"about":[{"href":"https:\/\/www.lejournalduforkane.com\/index.php\/wp-json\/wp\/v2\/types\/post"}],"author":[{"embeddable":true,"href":"https:\/\/www.lejournalduforkane.com\/index.php\/wp-json\/wp\/v2\/users\/2"}],"replies":[{"embeddable":true,"href":"https:\/\/www.lejournalduforkane.com\/index.php\/wp-json\/wp\/v2\/comments?post=16361"}],"version-history":[{"count":1,"href":"https:\/\/www.lejournalduforkane.com\/index.php\/wp-json\/wp\/v2\/posts\/16361\/revisions"}],"predecessor-version":[{"id":16363,"href":"https:\/\/www.lejournalduforkane.com\/index.php\/wp-json\/wp\/v2\/posts\/16361\/revisions\/16363"}],"wp:attachment":[{"href":"https:\/\/www.lejournalduforkane.com\/index.php\/wp-json\/wp\/v2\/media?parent=16361"}],"wp:term":[{"taxonomy":"category","embeddable":true,"href":"https:\/\/www.lejournalduforkane.com\/index.php\/wp-json\/wp\/v2\/categories?post=16361"},{"taxonomy":"post_tag","embeddable":true,"href":"https:\/\/www.lejournalduforkane.com\/index.php\/wp-json\/wp\/v2\/tags?post=16361"}],"curies":[{"name":"wp","href":"https:\/\/api.w.org\/{rel}","templated":true}]}}