
{"id":16403,"date":"2017-05-21T18:44:00","date_gmt":"2017-05-21T18:44:00","guid":{"rendered":"https:\/\/www.lejournalduforkane.com\/?p=16403"},"modified":"2017-05-21T18:44:00","modified_gmt":"2017-05-21T18:44:00","slug":"video-manifestation-monstre-dans-la-capitale-yemenite-sanaa-contre-le-soutien-des-usa-a-larabie-saoudite-dans-sa-guerre-contre-le-yemen","status":"publish","type":"post","link":"https:\/\/www.lejournalduforkane.com\/index.php\/video-manifestation-monstre-dans-la-capitale-yemenite-sanaa-contre-le-soutien-des-usa-a-larabie-saoudite-dans-sa-guerre-contre-le-yemen\/","title":{"rendered":"[Vid\u00e9o] | Manifestation monstre dans la capitale y\u00e9m\u00e9nite Sanaa contre le soutien des USA \u00e0 l&rsquo;Arabie saoudite dans sa guerre contre le Y\u00e9men"},"content":{"rendered":"<p><!--more--><\/p>\n<div id=\"js_bu\" class=\"_5pbx userContent\" data-ft=\"{&quot;tn&quot;:&quot;K&quot;}\">\n<p>Des dizaines de milliers de Y\u00e9m\u00e9nites ont manifest\u00e9s hier samedi 20 mai dans la capitale y\u00e9m\u00e9nite Sana\u2019a contre les bombardements Arabo-sioniste et le soutien des USA \u00e0 l&rsquo;Arabie.<\/p>\n<p><strong>ON NE PEUT QU\u2019\u00caTRE ADMIRATIF DEVANT CE PEUPLE COURAGEUX QUI BRAVE LES BOMBARDEMENTS DES SIONISTES ARABES. C\u2019EST L\u00c0 QUE L\u2019ON COMPREND POURQUOI LE Y\u00c9MEN EST B\u00c9NI PAR LE GRAND PROPH\u00c8TE (P), ET POURQUOI IL A MAUDIT LES SAOUDS ET LES CHIENS DE L\u2019ENFER SALAFISTE<\/strong>.<\/p>\n<p>&nbsp;<br \/>\n<iframe loading=\"lazy\" width=\"560\" height=\"315\" src=\"https:\/\/www.youtube.com\/embed\/a2oIJzJS5P8\" frameborder=\"0\" allowfullscreen><\/iframe>\n<\/div>\n","protected":false},"excerpt":{"rendered":"Des dizaines de milliers de Y\u00e9m\u00e9nites ont manifest\u00e9s hier samedi 20 mai dans la capitale y\u00e9m\u00e9nite Sana\u2019a contre les bombardements Arabo-sioniste et le soutien des USA \u00e0 l'Arabie. ON NE","protected":false},"author":2,"featured_media":0,"comment_status":"closed","ping_status":"open","sticky":false,"template":"","format":"standard","meta":[],"categories":[49],"tags":[],"_links":{"self":[{"href":"https:\/\/www.lejournalduforkane.com\/index.php\/wp-json\/wp\/v2\/posts\/16403"}],"collection":[{"href":"https:\/\/www.lejournalduforkane.com\/index.php\/wp-json\/wp\/v2\/posts"}],"about":[{"href":"https:\/\/www.lejournalduforkane.com\/index.php\/wp-json\/wp\/v2\/types\/post"}],"author":[{"embeddable":true,"href":"https:\/\/www.lejournalduforkane.com\/index.php\/wp-json\/wp\/v2\/users\/2"}],"replies":[{"embeddable":true,"href":"https:\/\/www.lejournalduforkane.com\/index.php\/wp-json\/wp\/v2\/comments?post=16403"}],"version-history":[{"count":1,"href":"https:\/\/www.lejournalduforkane.com\/index.php\/wp-json\/wp\/v2\/posts\/16403\/revisions"}],"predecessor-version":[{"id":16406,"href":"https:\/\/www.lejournalduforkane.com\/index.php\/wp-json\/wp\/v2\/posts\/16403\/revisions\/16406"}],"wp:attachment":[{"href":"https:\/\/www.lejournalduforkane.com\/index.php\/wp-json\/wp\/v2\/media?parent=16403"}],"wp:term":[{"taxonomy":"category","embeddable":true,"href":"https:\/\/www.lejournalduforkane.com\/index.php\/wp-json\/wp\/v2\/categories?post=16403"},{"taxonomy":"post_tag","embeddable":true,"href":"https:\/\/www.lejournalduforkane.com\/index.php\/wp-json\/wp\/v2\/tags?post=16403"}],"curies":[{"name":"wp","href":"https:\/\/api.w.org\/{rel}","templated":true}]}}